{"id":965,"date":"2023-10-02T10:59:12","date_gmt":"2023-10-02T08:59:12","guid":{"rendered":"https:\/\/cfdt13.fr\/blog\/?p=965"},"modified":"2024-01-09T10:40:46","modified_gmt":"2024-01-09T09:40:46","slug":"marche-des-fiertes-2023","status":"publish","type":"post","link":"https:\/\/cfdt13.fr\/blog\/marche-des-fiertes-2023\/","title":{"rendered":"Marche des fiert\u00e9s Marseille 2023"},"content":{"rendered":"\n<p>Comme chaque ann\u00e9e, nous \u00e9tions avec les camarades de la r\u00e9gion PACA pour un cort\u00e8ge  joyeux et revendicatif. Merci  !\ud83d\ude00\ud83d\ude00\ud83d\ude00<\/p>\n\n\n\n<figure class=\"wp-block-gallery has-nested-images columns-default is-cropped wp-block-gallery-1 is-layout-flex wp-block-gallery-is-layout-flex\">\n<figure class=\"wp-block-image size-large\"><img loading=\"lazy\" decoding=\"async\" width=\"768\" height=\"1024\" data-id=\"1050\" src=\"https:\/\/cfdt13.fr\/blog\/wp-content\/uploads\/2023\/10\/WhatsApp-Image-2023-09-30-at-15.10.24-2.jpeg\" alt=\"\" class=\"wp-image-1050\" srcset=\"https:\/\/cfdt13.fr\/blog\/wp-content\/uploads\/2023\/10\/WhatsApp-Image-2023-09-30-at-15.10.24-2.jpeg 768w, https:\/\/cfdt13.fr\/blog\/wp-content\/uploads\/2023\/10\/WhatsApp-Image-2023-09-30-at-15.10.24-2-225x300.jpeg 225w\" sizes=\"auto, (max-width: 768px) 100vw, 768px\" \/><\/figure>\n\n\n\n<figure class=\"wp-block-image size-large\"><img loading=\"lazy\" decoding=\"async\" width=\"768\" height=\"1024\" data-id=\"1051\" src=\"https:\/\/cfdt13.fr\/blog\/wp-content\/uploads\/2023\/10\/WhatsApp-Image-2023-09-30-at-15.10.24-1.jpeg\" alt=\"\" class=\"wp-image-1051\" srcset=\"https:\/\/cfdt13.fr\/blog\/wp-content\/uploads\/2023\/10\/WhatsApp-Image-2023-09-30-at-15.10.24-1.jpeg 768w, https:\/\/cfdt13.fr\/blog\/wp-content\/uploads\/2023\/10\/WhatsApp-Image-2023-09-30-at-15.10.24-1-225x300.jpeg 225w\" sizes=\"auto, (max-width: 768px) 100vw, 768px\" \/><\/figure>\n\n\n\n<figure class=\"wp-block-image size-large\"><img loading=\"lazy\" decoding=\"async\" width=\"768\" height=\"1024\" data-id=\"1049\" src=\"https:\/\/cfdt13.fr\/blog\/wp-content\/uploads\/2023\/10\/WhatsApp-Image-2023-09-30-at-15.10.24.jpeg\" alt=\"\" class=\"wp-image-1049\" srcset=\"https:\/\/cfdt13.fr\/blog\/wp-content\/uploads\/2023\/10\/WhatsApp-Image-2023-09-30-at-15.10.24.jpeg 768w, https:\/\/cfdt13.fr\/blog\/wp-content\/uploads\/2023\/10\/WhatsApp-Image-2023-09-30-at-15.10.24-225x300.jpeg 225w\" sizes=\"auto, (max-width: 768px) 100vw, 768px\" \/><\/figure>\n\n\n\n<figure class=\"wp-block-image size-large\"><img loading=\"lazy\" decoding=\"async\" width=\"450\" height=\"600\" data-id=\"1048\" src=\"https:\/\/cfdt13.fr\/blog\/wp-content\/uploads\/2023\/10\/382240957_822067023045012_5115355494620128834_n.jpg\" alt=\"\" class=\"wp-image-1048\" srcset=\"https:\/\/cfdt13.fr\/blog\/wp-content\/uploads\/2023\/10\/382240957_822067023045012_5115355494620128834_n.jpg 450w, https:\/\/cfdt13.fr\/blog\/wp-content\/uploads\/2023\/10\/382240957_822067023045012_5115355494620128834_n-225x300.jpg 225w\" sizes=\"auto, (max-width: 450px) 100vw, 450px\" \/><\/figure>\n\n\n\n<figure class=\"wp-block-image size-large\"><img loading=\"lazy\" decoding=\"async\" width=\"600\" height=\"450\" data-id=\"1046\" src=\"https:\/\/cfdt13.fr\/blog\/wp-content\/uploads\/2023\/10\/384369887_822067093045005_3017254036301296795_n.jpg\" alt=\"\" class=\"wp-image-1046\" srcset=\"https:\/\/cfdt13.fr\/blog\/wp-content\/uploads\/2023\/10\/384369887_822067093045005_3017254036301296795_n.jpg 600w, https:\/\/cfdt13.fr\/blog\/wp-content\/uploads\/2023\/10\/384369887_822067093045005_3017254036301296795_n-300x225.jpg 300w\" sizes=\"auto, (max-width: 600px) 100vw, 600px\" \/><\/figure>\n\n\n\n<figure class=\"wp-block-image size-large\"><img loading=\"lazy\" decoding=\"async\" width=\"600\" height=\"450\" data-id=\"1047\" src=\"https:\/\/cfdt13.fr\/blog\/wp-content\/uploads\/2023\/10\/383407614_822067069711674_4473215597406176925_n.jpg\" alt=\"\" class=\"wp-image-1047\" srcset=\"https:\/\/cfdt13.fr\/blog\/wp-content\/uploads\/2023\/10\/383407614_822067069711674_4473215597406176925_n.jpg 600w, https:\/\/cfdt13.fr\/blog\/wp-content\/uploads\/2023\/10\/383407614_822067069711674_4473215597406176925_n-300x225.jpg 300w\" sizes=\"auto, (max-width: 600px) 100vw, 600px\" \/><\/figure>\n<\/figure>\n\n\n\n<p><\/p>\n\n\n\n<figure class=\"wp-block-image size-large\"><img loading=\"lazy\" decoding=\"async\" width=\"724\" height=\"1024\" src=\"https:\/\/cfdt13.fr\/blog\/wp-content\/uploads\/2023\/09\/marche-des-fiertes_cfdt13et05-1-724x1024.png\" alt=\"\" class=\"wp-image-968\" srcset=\"https:\/\/cfdt13.fr\/blog\/wp-content\/uploads\/2023\/09\/marche-des-fiertes_cfdt13et05-1-724x1024.png 724w, https:\/\/cfdt13.fr\/blog\/wp-content\/uploads\/2023\/09\/marche-des-fiertes_cfdt13et05-1-212x300.png 212w, https:\/\/cfdt13.fr\/blog\/wp-content\/uploads\/2023\/09\/marche-des-fiertes_cfdt13et05-1-768x1086.png 768w, https:\/\/cfdt13.fr\/blog\/wp-content\/uploads\/2023\/09\/marche-des-fiertes_cfdt13et05-1-1086x1536.png 1086w, https:\/\/cfdt13.fr\/blog\/wp-content\/uploads\/2023\/09\/marche-des-fiertes_cfdt13et05-1.png 1414w\" sizes=\"auto, (max-width: 724px) 100vw, 724px\" \/><\/figure>\n","protected":false},"excerpt":{"rendered":"<p>Invitation \u00e0 participer \u00e0 la marche des fiert\u00e9s, \u00e0 Marseille<\/p>\n","protected":false},"author":1,"featured_media":966,"comment_status":"closed","ping_status":"closed","sticky":true,"template":"","format":"standard","meta":{"_monsterinsights_skip_tracking":false,"_monsterinsights_sitenote_active":false,"_monsterinsights_sitenote_note":"","_monsterinsights_sitenote_category":0,"footnotes":""},"categories":[6,37],"tags":[],"class_list":["post-965","post","type-post","status-publish","format-standard","has-post-thumbnail","hentry","category-cfdt","category-discrimination"],"_links":{"self":[{"href":"https:\/\/cfdt13.fr\/blog\/wp-json\/wp\/v2\/posts\/965","targetHints":{"allow":["GET"]}}],"collection":[{"href":"https:\/\/cfdt13.fr\/blog\/wp-json\/wp\/v2\/posts"}],"about":[{"href":"https:\/\/cfdt13.fr\/blog\/wp-json\/wp\/v2\/types\/post"}],"author":[{"embeddable":true,"href":"https:\/\/cfdt13.fr\/blog\/wp-json\/wp\/v2\/users\/1"}],"replies":[{"embeddable":true,"href":"https:\/\/cfdt13.fr\/blog\/wp-json\/wp\/v2\/comments?post=965"}],"version-history":[{"count":8,"href":"https:\/\/cfdt13.fr\/blog\/wp-json\/wp\/v2\/posts\/965\/revisions"}],"predecessor-version":[{"id":1244,"href":"https:\/\/cfdt13.fr\/blog\/wp-json\/wp\/v2\/posts\/965\/revisions\/1244"}],"wp:featuredmedia":[{"embeddable":true,"href":"https:\/\/cfdt13.fr\/blog\/wp-json\/wp\/v2\/media\/966"}],"wp:attachment":[{"href":"https:\/\/cfdt13.fr\/blog\/wp-json\/wp\/v2\/media?parent=965"}],"wp:term":[{"taxonomy":"category","embeddable":true,"href":"https:\/\/cfdt13.fr\/blog\/wp-json\/wp\/v2\/categories?post=965"},{"taxonomy":"post_tag","embeddable":true,"href":"https:\/\/cfdt13.fr\/blog\/wp-json\/wp\/v2\/tags?post=965"}],"curies":[{"name":"wp","href":"https:\/\/api.w.org\/{rel}","templated":true}]}}