{"id":96,"date":"2021-09-15T11:45:09","date_gmt":"2021-09-15T09:45:09","guid":{"rendered":"http:\/\/cfdt13.fr\/blog\/?p=96"},"modified":"2021-10-19T11:41:51","modified_gmt":"2021-10-19T09:41:51","slug":"reponses-a-emporter","status":"publish","type":"post","link":"https:\/\/cfdt13.fr\/blog\/reponses-a-emporter\/","title":{"rendered":"R\u00e9ponses \u00e0 emporter"},"content":{"rendered":"\n<p>Notre Cfdt mobile participe \u00e0 l&rsquo;action nationale \u00ab\u00a0R\u00e9ponses \u00e0 Emporter\u00a0\u00bb organis\u00e9e par la Conf\u00e9d\u00e9ration.<\/p>\n\n\n\n<p>Du 28 au 30 septembre nous serons \u00e0 Plan Campagne pour r\u00e9pondre aux questions des salari\u00e9s<\/p>\n\n\n\n<p>Venez nous rencontrer.  La Cfdt sera l\u00e0 pour apporter des r\u00e9ponses \u00e0 vos questions sur : la formation, le licenciement, le t\u00e9l\u00e9travail, l&rsquo;apprentissage, la reconversion, les conditions de travail&#8230; <\/p>\n","protected":false},"excerpt":{"rendered":"<p>Notre Cfdt mobile participe \u00e0 l&rsquo;action nationale \u00ab\u00a0R\u00e9ponses \u00e0 Emporter\u00a0\u00bb organis\u00e9e par la Conf\u00e9d\u00e9ration. Du 28 au 30 septembre nous<\/p>\n","protected":false},"author":1,"featured_media":98,"comment_status":"closed","ping_status":"closed","sticky":false,"template":"","format":"standard","meta":{"_monsterinsights_skip_tracking":false,"_monsterinsights_sitenote_active":false,"_monsterinsights_sitenote_note":"","_monsterinsights_sitenote_category":0,"footnotes":""},"categories":[6,15,17,14,4,16],"tags":[],"class_list":["post-96","post","type-post","status-publish","format-standard","has-post-thumbnail","hentry","category-cfdt","category-conditions-de-travail","category-licenciement","category-salaries","category-syndicats-cfdt","category-teletravail"],"_links":{"self":[{"href":"https:\/\/cfdt13.fr\/blog\/wp-json\/wp\/v2\/posts\/96","targetHints":{"allow":["GET"]}}],"collection":[{"href":"https:\/\/cfdt13.fr\/blog\/wp-json\/wp\/v2\/posts"}],"about":[{"href":"https:\/\/cfdt13.fr\/blog\/wp-json\/wp\/v2\/types\/post"}],"author":[{"embeddable":true,"href":"https:\/\/cfdt13.fr\/blog\/wp-json\/wp\/v2\/users\/1"}],"replies":[{"embeddable":true,"href":"https:\/\/cfdt13.fr\/blog\/wp-json\/wp\/v2\/comments?post=96"}],"version-history":[{"count":2,"href":"https:\/\/cfdt13.fr\/blog\/wp-json\/wp\/v2\/posts\/96\/revisions"}],"predecessor-version":[{"id":101,"href":"https:\/\/cfdt13.fr\/blog\/wp-json\/wp\/v2\/posts\/96\/revisions\/101"}],"wp:featuredmedia":[{"embeddable":true,"href":"https:\/\/cfdt13.fr\/blog\/wp-json\/wp\/v2\/media\/98"}],"wp:attachment":[{"href":"https:\/\/cfdt13.fr\/blog\/wp-json\/wp\/v2\/media?parent=96"}],"wp:term":[{"taxonomy":"category","embeddable":true,"href":"https:\/\/cfdt13.fr\/blog\/wp-json\/wp\/v2\/categories?post=96"},{"taxonomy":"post_tag","embeddable":true,"href":"https:\/\/cfdt13.fr\/blog\/wp-json\/wp\/v2\/tags?post=96"}],"curies":[{"name":"wp","href":"https:\/\/api.w.org\/{rel}","templated":true}]}}