{"id":769,"date":"2022-12-14T14:30:05","date_gmt":"2022-12-14T13:30:05","guid":{"rendered":"https:\/\/cfdt13.fr\/blog\/?p=769"},"modified":"2023-10-16T11:15:08","modified_gmt":"2023-10-16T09:15:08","slug":"retraite-a-65-ans-la-cfdt-dit-toujours-non","status":"publish","type":"post","link":"https:\/\/cfdt13.fr\/blog\/retraite-a-65-ans-la-cfdt-dit-toujours-non\/","title":{"rendered":"Retraite \u00e0 65 ans ? La Cfdt dit toujours Non"},"content":{"rendered":"\n<figure class=\"wp-block-image size-medium\"><img loading=\"lazy\" decoding=\"async\" width=\"300\" height=\"300\" src=\"https:\/\/cfdt13.fr\/blog\/wp-content\/uploads\/2022\/12\/FeErOw6XEAAlRmW-300x300.jpg\" alt=\"\" class=\"wp-image-770\" srcset=\"https:\/\/cfdt13.fr\/blog\/wp-content\/uploads\/2022\/12\/FeErOw6XEAAlRmW-300x300.jpg 300w, https:\/\/cfdt13.fr\/blog\/wp-content\/uploads\/2022\/12\/FeErOw6XEAAlRmW-150x150.jpg 150w, https:\/\/cfdt13.fr\/blog\/wp-content\/uploads\/2022\/12\/FeErOw6XEAAlRmW.jpg 680w\" sizes=\"auto, (max-width: 300px) 100vw, 300px\" \/><\/figure>\n\n\n\n<p><strong>Porter l&rsquo;\u00e2ge de d\u00e9part \u00e0 la retraite \u00e0 65 ans signifie, pour les travailleuses et travailleurs qui ont commenc\u00e9 \u00e0 travailler t\u00f4t, qu&rsquo;ils devront continuer \u00e0 travailler m\u00eame s&rsquo;ils ont d\u00e9j\u00e0 cotis\u00e9 assez d&rsquo;ann\u00e9es. <\/strong>Cette mesure injuste signifie aussi, pour celles et ceux qui ont des m\u00e9tiers p\u00e9nibles, qu&rsquo;ils vont devoir continuer \u00e0 travailler malgr\u00e9 l&rsquo;\u00e9puisement.<\/p>\n\n\n\n<p>Pour la Cfdt, \u00ab\u00a0repousser l&rsquo;\u00e2ge de d\u00e9part l\u00e9gal \u00e0 la retraite \u00e0 65 ans est une mesure profond\u00e9ment injuste\u00a0\u00bb et le b\u00e9n\u00e9fice \u00e9conomique est incertain car il est fort probable que les arr\u00eats de travail de longue dur\u00e9e, chez les travailleuses et travailleurs en fin de carri\u00e8re, augmentent.<\/p>\n\n\n\n<p>Vous pouvez <a href=\"https:\/\/www.cfdt.fr\/upload\/docs\/application\/pdf\/2022-11\/reforme_des_retraites_-_tract_les_propositions_de_la_cfdt_pour_un_systeme_plus_solidaire_2022-11-29_16-30-41_366.pdf\" target=\"_blank\" rel=\"noreferrer noopener\">t\u00e9l\u00e9charger ici<\/a> le tract \u00ab\u00a0R\u00e9forme des retraites : les propositions de la Cfdt pour un syst\u00e8me plus solidaire\u00a0\u00bb.<\/p>\n\n\n\n<p>Le gouvernement vient de reporter la date de l&rsquo;annonce de la R\u00e9forme des retraites \u00e0 Janvier<strong>. La Cfdt continuera \u00e0 porter ses revendications pour plus de justice sociale.<\/strong><\/p>\n\n\n\n<figure class=\"wp-block-image size-full\"><img loading=\"lazy\" decoding=\"async\" width=\"680\" height=\"570\" src=\"https:\/\/cfdt13.fr\/blog\/wp-content\/uploads\/2022\/12\/Fj17_MWWQAMf5qG.jpg\" alt=\"\" class=\"wp-image-772\" srcset=\"https:\/\/cfdt13.fr\/blog\/wp-content\/uploads\/2022\/12\/Fj17_MWWQAMf5qG.jpg 680w, https:\/\/cfdt13.fr\/blog\/wp-content\/uploads\/2022\/12\/Fj17_MWWQAMf5qG-300x251.jpg 300w\" sizes=\"auto, (max-width: 680px) 100vw, 680px\" \/><\/figure>\n","protected":false},"excerpt":{"rendered":"<p>Porter l&rsquo;\u00e2ge de d\u00e9part \u00e0 la retraite \u00e0 65 ans signifie, pour les travailleuses et travailleurs qui ont commenc\u00e9 \u00e0<\/p>\n","protected":false},"author":1,"featured_media":771,"comment_status":"closed","ping_status":"closed","sticky":false,"template":"","format":"standard","meta":{"_monsterinsights_skip_tracking":false,"_monsterinsights_sitenote_active":false,"_monsterinsights_sitenote_note":"","_monsterinsights_sitenote_category":0,"footnotes":""},"categories":[6,15,25,7],"tags":[],"class_list":["post-769","post","type-post","status-publish","format-standard","has-post-thumbnail","hentry","category-cfdt","category-conditions-de-travail","category-dossiers","category-revendications"],"_links":{"self":[{"href":"https:\/\/cfdt13.fr\/blog\/wp-json\/wp\/v2\/posts\/769","targetHints":{"allow":["GET"]}}],"collection":[{"href":"https:\/\/cfdt13.fr\/blog\/wp-json\/wp\/v2\/posts"}],"about":[{"href":"https:\/\/cfdt13.fr\/blog\/wp-json\/wp\/v2\/types\/post"}],"author":[{"embeddable":true,"href":"https:\/\/cfdt13.fr\/blog\/wp-json\/wp\/v2\/users\/1"}],"replies":[{"embeddable":true,"href":"https:\/\/cfdt13.fr\/blog\/wp-json\/wp\/v2\/comments?post=769"}],"version-history":[{"count":1,"href":"https:\/\/cfdt13.fr\/blog\/wp-json\/wp\/v2\/posts\/769\/revisions"}],"predecessor-version":[{"id":773,"href":"https:\/\/cfdt13.fr\/blog\/wp-json\/wp\/v2\/posts\/769\/revisions\/773"}],"wp:featuredmedia":[{"embeddable":true,"href":"https:\/\/cfdt13.fr\/blog\/wp-json\/wp\/v2\/media\/771"}],"wp:attachment":[{"href":"https:\/\/cfdt13.fr\/blog\/wp-json\/wp\/v2\/media?parent=769"}],"wp:term":[{"taxonomy":"category","embeddable":true,"href":"https:\/\/cfdt13.fr\/blog\/wp-json\/wp\/v2\/categories?post=769"},{"taxonomy":"post_tag","embeddable":true,"href":"https:\/\/cfdt13.fr\/blog\/wp-json\/wp\/v2\/tags?post=769"}],"curies":[{"name":"wp","href":"https:\/\/api.w.org\/{rel}","templated":true}]}}