{"id":732,"date":"2022-09-09T16:30:30","date_gmt":"2022-09-09T14:30:30","guid":{"rendered":"https:\/\/cfdt13.fr\/blog\/?p=732"},"modified":"2023-01-13T16:44:42","modified_gmt":"2023-01-13T15:44:42","slug":"initiatives-citoyennes-premier-supermarche-cooperatif-de-marseille-ouvre-ses-portes","status":"publish","type":"post","link":"https:\/\/cfdt13.fr\/blog\/initiatives-citoyennes-premier-supermarche-cooperatif-de-marseille-ouvre-ses-portes\/","title":{"rendered":"Initiatives citoyennes : premier supermarch\u00e9 coop\u00e9ratif de Marseille ouvre ses portes"},"content":{"rendered":"\n<div class=\"wp-block-columns is-layout-flex wp-container-core-columns-is-layout-9d6595d7 wp-block-columns-is-layout-flex\">\n<div class=\"wp-block-column is-layout-flow wp-block-column-is-layout-flow\" style=\"flex-basis:33.33%\">\n<figure class=\"wp-block-image size-large is-resized\"><img loading=\"lazy\" decoding=\"async\" src=\"https:\/\/cfdt13.fr\/blog\/wp-content\/uploads\/2022\/09\/sc1-1024x572.jpg\" alt=\"\" class=\"wp-image-733\" width=\"352\" height=\"187\"\/><\/figure>\n<\/div>\n\n\n\n<div class=\"wp-block-column is-layout-flow wp-block-column-is-layout-flow\" style=\"flex-basis:66.66%\">\n<h2 class=\"wp-block-heading\">Le Super Cafoutch a ouvert ses portes !<\/h2>\n\n\n\n<p class=\"has-luminous-vivid-orange-color has-text-color\">Pour aller faire un tour, c&rsquo;est au 16 rue du Chevalier Roze 13002 Marseille. Pour plus d&rsquo;infos, vous pouvez aussi visiter le site <a href=\"https:\/\/supercafoutch.fr\/\" target=\"_blank\" rel=\"noreferrer noopener\">supercafoutch.fr<\/a><\/p>\n<\/div>\n<\/div>\n\n\n\n<p>Un supermarch\u00e9 dans lequel les clients assurent aussi le fonctionnement du magasin. Ce sont plus de 800 membres qui ont travaill\u00e9 depuis longtemps pour donner forme \u00e0 cette aventure. Ce projet fait suite \u00e0 4 ans d\u2019exp\u00e9rimentation au sein d\u2019une \u00e9picerie-pilote dans le m\u00eame quartier. Aujourd&rsquo;hui, forts de cette exp\u00e9rience ils passent \u00e0 la \u00ab\u00a0taille r\u00e9elle\u00a0\u00bb. Pour pouvoir y faire ses courses et profiter des prix int\u00e9ressants, il suffit de souscrire \u00e0 la coop\u00e9rative en acqu\u00e9rant des parts sociales et donner 3 heures de son temps toutes les 4 semaines.<br><br>Au Super Cafoutch, <strong>les gammes de produits disponibles sont semblables \u00e0 celles d\u2019un supermarch\u00e9 \u201cclassique\u201d<\/strong> : un rayon fruits et l\u00e9gumes, du pain, des produits frais : viande, poisson, fromages et yaourts, \u00e9picerie, des boissons et un rayon hygi\u00e8ne. Vous y trouverez m\u00eame des rayons entretien de la maison et fournitures.<\/p>\n\n\n\n<p><strong>Un engagement dans l\u2019\u00c9conomie Sociale et Solidaire<\/strong><\/p>\n\n\n\n<p>Labellis\u00e9e Entreprise Solidaire d\u2019Utilit\u00e9 Sociale en 2020, la coop\u00e9rative Super Cafoutch contribue au d\u00e9veloppement d\u2019une alimentation durable, inscrite dans son territoire, accessible \u00e0 tous les budgets.<\/p>\n\n\n\n<p>Situ\u00e9 en centre-ville,<strong> le Super Cafoutch affiche des prix tr\u00e8s int\u00e9ressants <\/strong>gr\u00e2ce au travail \u201cb\u00e9n\u00e9vole\u201d de ses membres et \u00e0 une marge fixe et identique sur tous les produits. Une aubaine pour les marseillais dans le contexte actuel d\u2019inflation.<\/p>\n\n\n\n<p>D\u00e9fendant les valeurs de l\u2019ESS comme la coh\u00e9sion sociale, le respect de l\u2019environnement et l\u2019ancrage territorial, le Super Cafoutch a tout naturellement tiss\u00e9 des liens avec des partenaires locaux tels que Le R\u00e9p\u2019, Recyclop, L\u2019Incassable, Zero Waste, la Banque Alimentaire, les Alchimistes.<\/p>\n\n\n\n<p><strong>Un supermarch\u00e9 mais pas que !<\/strong><\/p>\n\n\n\n<p>Le Super Cafoutch <strong> c\u2019est aussi un lieu de convivialit\u00e9 et de vivre ensemble, un espace d\u2019\u00e9changes autour de l\u2019alimentation, du z\u00e9ro d\u00e9chet, des circuits-courts\u2026<\/strong> Au-del\u00e0 de la coop\u00e9rative, <strong>l\u2019association Les Amis du Super Cafoutch permet \u00e0 ses adh\u00e9rents d\u2019organiser des temps de rencontre, des \u00e9v\u00e9nements,<\/strong> notamment gr\u00e2ce \u00e0 un espace \u201ctiers-lieu\u201d de 50 m\u00b2 qui jouxte l\u2019espace de vente.<\/p>\n\n\n\n<p>N&rsquo;h\u00e9sitez pas \u00e0 diffuser cette article pour que cette initiative soit de plus en plus forte.<\/p>\n","protected":false},"excerpt":{"rendered":"<p>Le Super Cafoutch a ouvert ses portes ! Pour aller faire un tour, c&rsquo;est au 16 rue du Chevalier Roze<\/p>\n","protected":false},"author":1,"featured_media":735,"comment_status":"closed","ping_status":"closed","sticky":false,"template":"","format":"standard","meta":{"_monsterinsights_skip_tracking":false,"_monsterinsights_sitenote_active":false,"_monsterinsights_sitenote_note":"","_monsterinsights_sitenote_category":0,"footnotes":""},"categories":[39],"tags":[],"class_list":["post-732","post","type-post","status-publish","format-standard","has-post-thumbnail","hentry","category-initiatives-citoyennes"],"_links":{"self":[{"href":"https:\/\/cfdt13.fr\/blog\/wp-json\/wp\/v2\/posts\/732","targetHints":{"allow":["GET"]}}],"collection":[{"href":"https:\/\/cfdt13.fr\/blog\/wp-json\/wp\/v2\/posts"}],"about":[{"href":"https:\/\/cfdt13.fr\/blog\/wp-json\/wp\/v2\/types\/post"}],"author":[{"embeddable":true,"href":"https:\/\/cfdt13.fr\/blog\/wp-json\/wp\/v2\/users\/1"}],"replies":[{"embeddable":true,"href":"https:\/\/cfdt13.fr\/blog\/wp-json\/wp\/v2\/comments?post=732"}],"version-history":[{"count":3,"href":"https:\/\/cfdt13.fr\/blog\/wp-json\/wp\/v2\/posts\/732\/revisions"}],"predecessor-version":[{"id":737,"href":"https:\/\/cfdt13.fr\/blog\/wp-json\/wp\/v2\/posts\/732\/revisions\/737"}],"wp:featuredmedia":[{"embeddable":true,"href":"https:\/\/cfdt13.fr\/blog\/wp-json\/wp\/v2\/media\/735"}],"wp:attachment":[{"href":"https:\/\/cfdt13.fr\/blog\/wp-json\/wp\/v2\/media?parent=732"}],"wp:term":[{"taxonomy":"category","embeddable":true,"href":"https:\/\/cfdt13.fr\/blog\/wp-json\/wp\/v2\/categories?post=732"},{"taxonomy":"post_tag","embeddable":true,"href":"https:\/\/cfdt13.fr\/blog\/wp-json\/wp\/v2\/tags?post=732"}],"curies":[{"name":"wp","href":"https:\/\/api.w.org\/{rel}","templated":true}]}}