{"id":728,"date":"2022-09-09T15:53:58","date_gmt":"2022-09-09T13:53:58","guid":{"rendered":"https:\/\/cfdt13.fr\/blog\/?p=728"},"modified":"2023-01-13T16:22:59","modified_gmt":"2023-01-13T15:22:59","slug":"la-cfdt-a-la-rencontre-des-saisonniers-de-saintes-maries-de-la-mer","status":"publish","type":"post","link":"https:\/\/cfdt13.fr\/blog\/la-cfdt-a-la-rencontre-des-saisonniers-de-saintes-maries-de-la-mer\/","title":{"rendered":"La Cfdt \u00e0 la rencontre des saisonniers de Saintes Maries de la Mer"},"content":{"rendered":"\n<p>Les secteurs de<strong> l&rsquo;h\u00f4tellerie et la restauration saisonni\u00e8res<\/strong> ont eu cette ann\u00e9e d&rsquo;importantes difficult\u00e9s de recrutement. L\u2019ann\u00e9e derni\u00e8re, la CFDT avait obtenu que les saisonniers puissent avoir la possibilit\u00e9 de b\u00e9n\u00e9ficier du dispositif d\u2019activit\u00e9 partielle. Malheureusement, bon nombre d\u2019employeurs n\u2019avaient pas jou\u00e9 le jeu<br>et n\u2019avaient au final pas confirm\u00e9 les promesses d\u2019embauche en contrats saisonniers. Cette ins\u00e9curit\u00e9 a incit\u00e9 beaucoup de travailleurs saisonniers \u00e0 chercher ailleurs. Les cons\u00e9quences sont palpables et cette ann\u00e9e les difficult\u00e9s de recrutement des saisonniers se sont accentu\u00e9es. Les employeurs ont beaucoup de mal \u00e0 \u00e0 trouver de la main d\u2019\u0153uvre pour l&rsquo;accueil des touristes.<\/p>\n\n\n\n<p><strong>La Cfdt ne rel\u00e2che pas ses efforts et multiplie les actions pour rencontrer les travailleurs et les informer de leurs droits.<\/strong><\/p>\n\n\n\n<h2 class=\"wp-block-heading\">Le 16 septembre , la Cfdt Commerce et Services 13 sera \u00e0 Saintes Maries de la Mer devant le parvis de la Mairie, \u00e0 c\u00f4t\u00e9 du march\u00e9.<\/h2>\n\n\n\n<div class=\"wp-block-columns is-layout-flex wp-container-core-columns-is-layout-9d6595d7 wp-block-columns-is-layout-flex\">\n<div class=\"wp-block-column has-background is-layout-flow wp-block-column-is-layout-flow\" style=\"background-color:#b7d1d8\"><div class=\"wp-block-image\">\n<figure class=\"aligncenter size-large\"><img loading=\"lazy\" decoding=\"async\" width=\"724\" height=\"1024\" src=\"https:\/\/cfdt13.fr\/blog\/wp-content\/uploads\/2022\/09\/saisonniers2-bdr-1-724x1024.png\" alt=\"\" class=\"wp-image-730\" srcset=\"https:\/\/cfdt13.fr\/blog\/wp-content\/uploads\/2022\/09\/saisonniers2-bdr-1-724x1024.png 724w, https:\/\/cfdt13.fr\/blog\/wp-content\/uploads\/2022\/09\/saisonniers2-bdr-1-212x300.png 212w, https:\/\/cfdt13.fr\/blog\/wp-content\/uploads\/2022\/09\/saisonniers2-bdr-1-768x1086.png 768w, https:\/\/cfdt13.fr\/blog\/wp-content\/uploads\/2022\/09\/saisonniers2-bdr-1-1086x1536.png 1086w, https:\/\/cfdt13.fr\/blog\/wp-content\/uploads\/2022\/09\/saisonniers2-bdr-1.png 1414w\" sizes=\"auto, (max-width: 724px) 100vw, 724px\" \/><\/figure>\n<\/div><\/div>\n<\/div>\n","protected":false},"excerpt":{"rendered":"<p>Les secteurs de l&rsquo;h\u00f4tellerie et la restauration saisonni\u00e8res ont eu cette ann\u00e9e d&rsquo;importantes difficult\u00e9s de recrutement. L\u2019ann\u00e9e derni\u00e8re, la CFDT<\/p>\n","protected":false},"author":1,"featured_media":626,"comment_status":"closed","ping_status":"closed","sticky":false,"template":"","format":"standard","meta":{"_monsterinsights_skip_tracking":false,"_monsterinsights_sitenote_active":false,"_monsterinsights_sitenote_note":"","_monsterinsights_sitenote_category":0,"footnotes":""},"categories":[31,6,24,29],"tags":[],"class_list":["post-728","post","type-post","status-publish","format-standard","has-post-thumbnail","hentry","category-actions-cfdt","category-cfdt","category-saisonniers","category-services-et-commerces"],"_links":{"self":[{"href":"https:\/\/cfdt13.fr\/blog\/wp-json\/wp\/v2\/posts\/728","targetHints":{"allow":["GET"]}}],"collection":[{"href":"https:\/\/cfdt13.fr\/blog\/wp-json\/wp\/v2\/posts"}],"about":[{"href":"https:\/\/cfdt13.fr\/blog\/wp-json\/wp\/v2\/types\/post"}],"author":[{"embeddable":true,"href":"https:\/\/cfdt13.fr\/blog\/wp-json\/wp\/v2\/users\/1"}],"replies":[{"embeddable":true,"href":"https:\/\/cfdt13.fr\/blog\/wp-json\/wp\/v2\/comments?post=728"}],"version-history":[{"count":1,"href":"https:\/\/cfdt13.fr\/blog\/wp-json\/wp\/v2\/posts\/728\/revisions"}],"predecessor-version":[{"id":731,"href":"https:\/\/cfdt13.fr\/blog\/wp-json\/wp\/v2\/posts\/728\/revisions\/731"}],"wp:featuredmedia":[{"embeddable":true,"href":"https:\/\/cfdt13.fr\/blog\/wp-json\/wp\/v2\/media\/626"}],"wp:attachment":[{"href":"https:\/\/cfdt13.fr\/blog\/wp-json\/wp\/v2\/media?parent=728"}],"wp:term":[{"taxonomy":"category","embeddable":true,"href":"https:\/\/cfdt13.fr\/blog\/wp-json\/wp\/v2\/categories?post=728"},{"taxonomy":"post_tag","embeddable":true,"href":"https:\/\/cfdt13.fr\/blog\/wp-json\/wp\/v2\/tags?post=728"}],"curies":[{"name":"wp","href":"https:\/\/api.w.org\/{rel}","templated":true}]}}