{"id":548,"date":"2022-05-31T16:30:55","date_gmt":"2022-05-31T14:30:55","guid":{"rendered":"https:\/\/cfdt13.fr\/blog\/?p=548"},"modified":"2022-05-31T17:03:17","modified_gmt":"2022-05-31T15:03:17","slug":"elections-fonctions-publiques-notre-campagne","status":"publish","type":"post","link":"https:\/\/cfdt13.fr\/blog\/elections-fonctions-publiques-notre-campagne\/","title":{"rendered":"Elections Fonctions Publiques : notre campagne"},"content":{"rendered":"\n<p>Conditions de vie, conditions de travail ; la probl\u00e9matique du climat dans la plan\u00e8te et du climat au travail. En nous appuyant sur le<a href=\"https:\/\/www.pactedupouvoirdevivre.fr\/\" target=\"_blank\" rel=\"noreferrer noopener\"> pacte du pouvoir de vivre<\/a>, dans les Bouches du Rh\u00f4ne nous avons d\u00e9cid\u00e9 de mettre en avant la th\u00e9matique du climat  pour la campagne aux \u00e9lections de la Fonction Publique.<\/p>\n\n\n\n<figure class=\"wp-block-gallery has-nested-images columns-default is-cropped wp-block-gallery-1 is-layout-flex wp-block-gallery-is-layout-flex\">\n<figure class=\"wp-block-image size-large\"><img loading=\"lazy\" decoding=\"async\" width=\"727\" height=\"1024\" data-id=\"549\" src=\"https:\/\/cfdt13.fr\/blog\/wp-content\/uploads\/2022\/05\/affiche-fp-bd-1-727x1024.jpg\" alt=\"\" class=\"wp-image-549\" srcset=\"https:\/\/cfdt13.fr\/blog\/wp-content\/uploads\/2022\/05\/affiche-fp-bd-1-727x1024.jpg 727w, https:\/\/cfdt13.fr\/blog\/wp-content\/uploads\/2022\/05\/affiche-fp-bd-1-213x300.jpg 213w, https:\/\/cfdt13.fr\/blog\/wp-content\/uploads\/2022\/05\/affiche-fp-bd-1-768x1082.jpg 768w, https:\/\/cfdt13.fr\/blog\/wp-content\/uploads\/2022\/05\/affiche-fp-bd-1-1091x1536.jpg 1091w, https:\/\/cfdt13.fr\/blog\/wp-content\/uploads\/2022\/05\/affiche-fp-bd-1.jpg 1420w\" sizes=\"auto, (max-width: 727px) 100vw, 727px\" \/><\/figure>\n\n\n\n<figure class=\"wp-block-image size-large\"><img loading=\"lazy\" decoding=\"async\" width=\"727\" height=\"1024\" data-id=\"552\" src=\"https:\/\/cfdt13.fr\/blog\/wp-content\/uploads\/2022\/05\/affiche-fp-bd-2-727x1024.jpg\" alt=\"\" class=\"wp-image-552\" srcset=\"https:\/\/cfdt13.fr\/blog\/wp-content\/uploads\/2022\/05\/affiche-fp-bd-2-727x1024.jpg 727w, https:\/\/cfdt13.fr\/blog\/wp-content\/uploads\/2022\/05\/affiche-fp-bd-2-213x300.jpg 213w, https:\/\/cfdt13.fr\/blog\/wp-content\/uploads\/2022\/05\/affiche-fp-bd-2-768x1082.jpg 768w, https:\/\/cfdt13.fr\/blog\/wp-content\/uploads\/2022\/05\/affiche-fp-bd-2-1091x1536.jpg 1091w, https:\/\/cfdt13.fr\/blog\/wp-content\/uploads\/2022\/05\/affiche-fp-bd-2.jpg 1420w\" sizes=\"auto, (max-width: 727px) 100vw, 727px\" \/><\/figure>\n\n\n\n<figure class=\"wp-block-image size-large\"><img decoding=\"async\" data-id=\"551\" src=\"https:\/\/cfdt13.fr\/blog\/wp-content\/uploads\/2022\/05\/affiche-fp-bd-3-727x1024.jpg\" alt=\"\" class=\"wp-image-551\"\/><\/figure>\n\n\n\n<figure class=\"wp-block-image size-large\"><img loading=\"lazy\" decoding=\"async\" width=\"727\" height=\"1024\" data-id=\"550\" src=\"https:\/\/cfdt13.fr\/blog\/wp-content\/uploads\/2022\/05\/affiche-fp-bd-4-727x1024.jpg\" alt=\"\" class=\"wp-image-550\" srcset=\"https:\/\/cfdt13.fr\/blog\/wp-content\/uploads\/2022\/05\/affiche-fp-bd-4-727x1024.jpg 727w, https:\/\/cfdt13.fr\/blog\/wp-content\/uploads\/2022\/05\/affiche-fp-bd-4-213x300.jpg 213w, https:\/\/cfdt13.fr\/blog\/wp-content\/uploads\/2022\/05\/affiche-fp-bd-4-768x1082.jpg 768w, https:\/\/cfdt13.fr\/blog\/wp-content\/uploads\/2022\/05\/affiche-fp-bd-4-1091x1536.jpg 1091w, https:\/\/cfdt13.fr\/blog\/wp-content\/uploads\/2022\/05\/affiche-fp-bd-4.jpg 1420w\" sizes=\"auto, (max-width: 727px) 100vw, 727px\" \/><\/figure>\n<\/figure>\n\n\n\n<p><\/p>\n","protected":false},"excerpt":{"rendered":"<p>Conditions de vie, conditions de travail ; la probl\u00e9matique du climat dans la plan\u00e8te et du climat au travail. En<\/p>\n","protected":false},"author":1,"featured_media":550,"comment_status":"closed","ping_status":"closed","sticky":true,"template":"","format":"standard","meta":{"_monsterinsights_skip_tracking":false,"_monsterinsights_sitenote_active":false,"_monsterinsights_sitenote_note":"","_monsterinsights_sitenote_category":0,"footnotes":""},"categories":[6,27],"tags":[],"class_list":["post-548","post","type-post","status-publish","format-standard","has-post-thumbnail","hentry","category-cfdt","category-fonctions-publiques"],"_links":{"self":[{"href":"https:\/\/cfdt13.fr\/blog\/wp-json\/wp\/v2\/posts\/548","targetHints":{"allow":["GET"]}}],"collection":[{"href":"https:\/\/cfdt13.fr\/blog\/wp-json\/wp\/v2\/posts"}],"about":[{"href":"https:\/\/cfdt13.fr\/blog\/wp-json\/wp\/v2\/types\/post"}],"author":[{"embeddable":true,"href":"https:\/\/cfdt13.fr\/blog\/wp-json\/wp\/v2\/users\/1"}],"replies":[{"embeddable":true,"href":"https:\/\/cfdt13.fr\/blog\/wp-json\/wp\/v2\/comments?post=548"}],"version-history":[{"count":2,"href":"https:\/\/cfdt13.fr\/blog\/wp-json\/wp\/v2\/posts\/548\/revisions"}],"predecessor-version":[{"id":561,"href":"https:\/\/cfdt13.fr\/blog\/wp-json\/wp\/v2\/posts\/548\/revisions\/561"}],"wp:featuredmedia":[{"embeddable":true,"href":"https:\/\/cfdt13.fr\/blog\/wp-json\/wp\/v2\/media\/550"}],"wp:attachment":[{"href":"https:\/\/cfdt13.fr\/blog\/wp-json\/wp\/v2\/media?parent=548"}],"wp:term":[{"taxonomy":"category","embeddable":true,"href":"https:\/\/cfdt13.fr\/blog\/wp-json\/wp\/v2\/categories?post=548"},{"taxonomy":"post_tag","embeddable":true,"href":"https:\/\/cfdt13.fr\/blog\/wp-json\/wp\/v2\/tags?post=548"}],"curies":[{"name":"wp","href":"https:\/\/api.w.org\/{rel}","templated":true}]}}