{"id":492,"date":"2022-05-20T15:04:05","date_gmt":"2022-05-20T13:04:05","guid":{"rendered":"https:\/\/cfdt13.fr\/blog\/?p=492"},"modified":"2022-05-31T16:47:19","modified_gmt":"2022-05-31T14:47:19","slug":"love-win","status":"publish","type":"post","link":"https:\/\/cfdt13.fr\/blog\/love-win\/","title":{"rendered":"LOVE WIN !"},"content":{"rendered":"\n<h5 class=\"wp-block-heading\"><strong>Par : Fabienne Allard &#8211; Korolev , membre du Bureau Cfdt 13,  responsable de l&rsquo;\u00e9galit\u00e9<\/strong>.<\/h5>\n\n\n\n<hr class=\"wp-block-separator has-css-opacity\"\/>\n\n\n\n<div class=\"wp-block-columns is-layout-flex wp-container-core-columns-is-layout-9d6595d7 wp-block-columns-is-layout-flex\">\n<div class=\"wp-block-column is-layout-flow wp-block-column-is-layout-flow\" style=\"flex-basis:50%\">\n<figure class=\"wp-block-image size-large\"><img loading=\"lazy\" decoding=\"async\" width=\"724\" height=\"1024\" src=\"https:\/\/cfdt13.fr\/blog\/wp-content\/uploads\/2022\/05\/INVITATION-marche-des-fiertes-1-724x1024.png\" alt=\"\" class=\"wp-image-556\" srcset=\"https:\/\/cfdt13.fr\/blog\/wp-content\/uploads\/2022\/05\/INVITATION-marche-des-fiertes-1-724x1024.png 724w, https:\/\/cfdt13.fr\/blog\/wp-content\/uploads\/2022\/05\/INVITATION-marche-des-fiertes-1-212x300.png 212w, https:\/\/cfdt13.fr\/blog\/wp-content\/uploads\/2022\/05\/INVITATION-marche-des-fiertes-1-768x1086.png 768w, https:\/\/cfdt13.fr\/blog\/wp-content\/uploads\/2022\/05\/INVITATION-marche-des-fiertes-1-1086x1536.png 1086w, https:\/\/cfdt13.fr\/blog\/wp-content\/uploads\/2022\/05\/INVITATION-marche-des-fiertes-1-1448x2048.png 1448w, https:\/\/cfdt13.fr\/blog\/wp-content\/uploads\/2022\/05\/INVITATION-marche-des-fiertes-1.png 1587w\" sizes=\"auto, (max-width: 724px) 100vw, 724px\" \/><\/figure>\n<\/div>\n\n\n\n<div class=\"wp-block-column is-layout-flow wp-block-column-is-layout-flow\" style=\"flex-basis:50%\">\n<h2 class=\"wp-block-heading\"><strong>Histoire de la d\u00e9p\u00e9nalisation de l\u2019homosexualit\u00e9&nbsp;<\/strong><\/h2>\n\n\n\n<p><\/p>\n\n\n\n<p>Au 18<sup>\u00e8me<\/sup> si\u00e8cle l\u2019homosexualit\u00e9 conduisait au b\u00fbcher, tout comme les \u00ab&nbsp;sorci\u00e8res&nbsp;\u00bb (sages-femmes), en 1791 l\u2019Assembl\u00e9e constituante d\u00e9p\u00e9nalise totalement l\u2019homosexualit\u00e9&nbsp;; la France devient pionni\u00e8re, enfin presque car dans les faits, le d\u00e9lit d\u2019outrage public \u00e0 la pudeur sera le meilleur pr\u00e9texte pour mener une r\u00e9pression homophobe.<\/p>\n\n\n\n<p>Sous le r\u00e9gime de Vichy, en 1942 le Mar\u00e9chal P\u00e9tain r\u00e9tablira le \u00ab&nbsp;d\u00e9lit d\u2019homosexualit\u00e9&nbsp;\u00bb.<\/p>\n<\/div>\n<\/div>\n\n\n\n<p><strong>Coupable d\u2019\u00eatre qui vous \u00eates&nbsp;!<\/strong><\/p>\n\n\n\n<p>Dans les ann\u00e9es 60-70, plus de 500 hommes et une dizaine de femmes compara\u00eetront pour avoir entretenu des relations homosexuelles&nbsp;!<a href=\"#_ftn1\" id=\"_ftnref1\">[1]<\/a> Les hommes \u00e9tant particuli\u00e8rement vis\u00e9s par rapport aux femmes o\u00f9 une tol\u00e9rance existait. Fichage, pers\u00e9cution, stigmatisation, \u2026<\/p>\n\n\n\n<p><strong>&nbsp;Coupable d\u2019aimer en dehors d\u2019une norme soci\u00e9tale-dogmatique&nbsp;!<\/strong><\/p>\n\n\n\n<p>En 1981, Me Gis\u00e8le Halimi (pionni\u00e8re de la d\u00e9p\u00e9nalisation de l\u2019avortement), proposera un texte devant l\u2019Assembl\u00e9e nationale afin de faire abroger alin\u00e9a discriminant de l\u2019article 331 du code p\u00e9nal du r\u00e9gime de vichy. Ce n\u2019est que le 4 aout 1982 qu\u2019il sera enfin adopt\u00e9. Il faudra attendre la loi du 16 novembre 2016 pour que soit ajout\u00e9 \u00e0 la loi relative \u00e0 la lutte contre la discrimination du code p\u00e9nal : \u00ab&nbsp;l\u2019orientation sexuelle&nbsp;\u00bb<a id=\"_ftnref2\" href=\"#_ftn2\">[2]<\/a>.&nbsp; &nbsp;<\/p>\n\n\n\n<p>\u00ab&nbsp;N&rsquo;oubliez jamais qu&rsquo;<em><strong>il suffira d&rsquo;une crise<\/strong><\/em>&nbsp;politique, \u00e9conomique ou religieuse&nbsp;<em><strong>pour que les droits des femmes<\/strong><\/em>&nbsp;soient remis en question&nbsp;\u00bb alertait Simone de Beauvoir, \u00e0 cette phrase historique nous pouvons y ajouter que soit remis en cause le droit d\u2019aimer selon son orientation sexuelle. A titre d\u2019exemple, en 2021, la Hongrie promulguait une loi homophobe, La Pologne, o\u00f9 en 2020 des communes affichaient par des panneaux \u00ab&nbsp;zone anti-LGBT&nbsp;\u00bb leurs intol\u00e9rances.<a id=\"_ftnref3\" href=\"#_ftn3\">[3]<\/a><\/p>\n\n\n\n<h3 class=\"wp-block-heading\"><strong>L\u2019histoire montre que rien n\u2019est acquis !<\/strong><\/h3>\n\n\n\n<figure class=\"wp-block-pullquote\"><blockquote><p>Les actes anti-LGBT+ ont augment\u00e9 de 28% en France en 2021<em>\/<\/em><\/p><\/blockquote><\/figure>\n\n\n\n<p>En 1977, aura lieu la premi\u00e8re marche homosexuelle en France, marche organis\u00e9e en association avec le mouvement f\u00e9ministe. Il y a 45 ans.<\/p>\n\n\n\n<p><strong>La <\/strong><strong>CFDT<\/strong><strong>&nbsp;lutte contre toutes les formes de discrimination et notamment contre les discriminations d\u2019identit\u00e9 de genre ou d\u2019orientation sexuelle.<\/strong><\/p>\n\n\n\n<p><strong>L\u2019UD13, invite tous les syndicats \u00e0 rejoindre la marche des fiert\u00e9s qui se tiendra le 2 juillet \u00e0 Marseille.<\/strong>  Afin d\u2019avoir une visibilit\u00e9 de la participation du collectif CFDT, merci de <a href=\"https:\/\/forms.gle\/i99JhE2gRZEhEHy69\" target=\"_blank\" rel=\"noreferrer noopener\">remplir le Formulaire sur ce lien<\/a><\/p>\n\n\n\n<hr class=\"wp-block-separator has-css-opacity\"\/>\n\n\n\n<p><a href=\"#_ftnref1\" id=\"_ftn1\">[1]<\/a> https:\/\/www.cairn.info\/revue-les-cahiers-dynamiques-2011-2-page-101.htm<\/p>\n\n\n\n<p><a href=\"#_ftnref2\" id=\"_ftn2\">[2]<\/a> https:\/\/www.legifrance.gouv.fr\/codes\/article_lc\/LEGIARTI000033461473\/<\/p>\n\n\n\n<p><a href=\"#_ftnref3\" id=\"_ftn3\">[3]<\/a> https:\/\/www.ouest-france.fr\/europe\/pologne\/la-pologne-fait-fuir-les-personnes-lgbt-6948635<\/p>\n","protected":false},"excerpt":{"rendered":"<p>Au 18\u00e8me si\u00e8cle l\u2019homosexualit\u00e9 conduisait au b\u00fbcher, tout comme les \u00ab\u00a0sorci\u00e8res\u00a0\u00bb (sages-femmes), en 1791 l\u2019Assembl\u00e9e constituante d\u00e9p\u00e9nalise totalement l\u2019homosexualit\u00e9\u00a0; la France devient pionni\u00e8re, enfin presque car dans les faits, le d\u00e9lit d\u2019outrage public \u00e0 la pudeur sera le meilleur pr\u00e9texte pour mener une r\u00e9pression homophobe.<\/p>\n","protected":false},"author":1,"featured_media":558,"comment_status":"closed","ping_status":"closed","sticky":true,"template":"","format":"standard","meta":{"_monsterinsights_skip_tracking":false,"_monsterinsights_sitenote_active":false,"_monsterinsights_sitenote_note":"","_monsterinsights_sitenote_category":0,"footnotes":""},"categories":[6,37,36,7],"tags":[],"class_list":["post-492","post","type-post","status-publish","format-standard","has-post-thumbnail","hentry","category-cfdt","category-discrimination","category-egalite","category-revendications"],"_links":{"self":[{"href":"https:\/\/cfdt13.fr\/blog\/wp-json\/wp\/v2\/posts\/492","targetHints":{"allow":["GET"]}}],"collection":[{"href":"https:\/\/cfdt13.fr\/blog\/wp-json\/wp\/v2\/posts"}],"about":[{"href":"https:\/\/cfdt13.fr\/blog\/wp-json\/wp\/v2\/types\/post"}],"author":[{"embeddable":true,"href":"https:\/\/cfdt13.fr\/blog\/wp-json\/wp\/v2\/users\/1"}],"replies":[{"embeddable":true,"href":"https:\/\/cfdt13.fr\/blog\/wp-json\/wp\/v2\/comments?post=492"}],"version-history":[{"count":10,"href":"https:\/\/cfdt13.fr\/blog\/wp-json\/wp\/v2\/posts\/492\/revisions"}],"predecessor-version":[{"id":559,"href":"https:\/\/cfdt13.fr\/blog\/wp-json\/wp\/v2\/posts\/492\/revisions\/559"}],"wp:featuredmedia":[{"embeddable":true,"href":"https:\/\/cfdt13.fr\/blog\/wp-json\/wp\/v2\/media\/558"}],"wp:attachment":[{"href":"https:\/\/cfdt13.fr\/blog\/wp-json\/wp\/v2\/media?parent=492"}],"wp:term":[{"taxonomy":"category","embeddable":true,"href":"https:\/\/cfdt13.fr\/blog\/wp-json\/wp\/v2\/categories?post=492"},{"taxonomy":"post_tag","embeddable":true,"href":"https:\/\/cfdt13.fr\/blog\/wp-json\/wp\/v2\/tags?post=492"}],"curies":[{"name":"wp","href":"https:\/\/api.w.org\/{rel}","templated":true}]}}