{"id":486,"date":"2022-04-29T16:06:50","date_gmt":"2022-04-29T14:06:50","guid":{"rendered":"https:\/\/cfdt13.fr\/blog\/?p=486"},"modified":"2022-05-20T15:46:11","modified_gmt":"2022-05-20T13:46:11","slug":"revendications-syndicales","status":"publish","type":"post","link":"https:\/\/cfdt13.fr\/blog\/revendications-syndicales\/","title":{"rendered":"Nos revendications apr\u00e8s les \u00e9lections"},"content":{"rendered":"\n<p><strong>15 revendications&nbsp; sur le pouvoir d&rsquo;achat, le travail, l&#8217;emploi, les retraites, l&rsquo;\u00e9cologie et la sant\u00e9<\/strong><\/p>\n\n\n\n<p>Si notre organisation a appel\u00e9 \u00e0 voter pour Emmanuel Macron  pour faire barrage au RN, cela n\u2019a jamais valu approbation ni de son bilan, ni de son programme. Notre organisation a des exigences concr\u00e8tes sur plusieurs sujets. <\/p>\n\n\n\n<p>Aujourd&rsquo;hui, nous portons 15 revendications imm\u00e9diates pour r\u00e9pondre \u00e0 la demande de justice et de coh\u00e9sion sociale.<\/p>\n\n\n\n<p>La Cfdt a mis en ligne une carte p\u00e9tition que vous pouvez <a href=\"https:\/\/www.cfdt.fr\/portail\/actualites\/election-presidentielle-2022\/-m-le-president-vous-ne-pourrez-pas-faire-sans-nous-signez-la-carte-petition-srv1_1233133\">t\u00e9l\u00e9charger ici<\/a> . Il vous suffit de la signer (apr\u00e8s impression ou num\u00e9riquement) et de l\u2019envoyer directement \u00e0 l\u2019Elys\u00e9e.<\/p>\n\n\n\n<figure class=\"wp-block-image size-large\"><img loading=\"lazy\" decoding=\"async\" width=\"725\" height=\"1024\" src=\"https:\/\/cfdt13.fr\/blog\/wp-content\/uploads\/2022\/04\/tract_post_elections_v2_pages-to-jpg-0001-1-725x1024.jpg\" alt=\"\" class=\"wp-image-489\" srcset=\"https:\/\/cfdt13.fr\/blog\/wp-content\/uploads\/2022\/04\/tract_post_elections_v2_pages-to-jpg-0001-1-725x1024.jpg 725w, https:\/\/cfdt13.fr\/blog\/wp-content\/uploads\/2022\/04\/tract_post_elections_v2_pages-to-jpg-0001-1-212x300.jpg 212w, https:\/\/cfdt13.fr\/blog\/wp-content\/uploads\/2022\/04\/tract_post_elections_v2_pages-to-jpg-0001-1-768x1085.jpg 768w, https:\/\/cfdt13.fr\/blog\/wp-content\/uploads\/2022\/04\/tract_post_elections_v2_pages-to-jpg-0001-1-1087x1536.jpg 1087w, https:\/\/cfdt13.fr\/blog\/wp-content\/uploads\/2022\/04\/tract_post_elections_v2_pages-to-jpg-0001-1.jpg 1241w\" sizes=\"auto, (max-width: 725px) 100vw, 725px\" \/><\/figure>\n\n\n\n<p><br><\/p>\n","protected":false},"excerpt":{"rendered":"<p>15 revendications&nbsp; sur le pouvoir d&rsquo;achat, le travail, l&#8217;emploi, les retraites, l&rsquo;\u00e9cologie et la sant\u00e9 Si notre organisation a appel\u00e9<\/p>\n","protected":false},"author":1,"featured_media":487,"comment_status":"closed","ping_status":"closed","sticky":false,"template":"","format":"standard","meta":{"_monsterinsights_skip_tracking":false,"_monsterinsights_sitenote_active":false,"_monsterinsights_sitenote_note":"","_monsterinsights_sitenote_category":0,"footnotes":""},"categories":[7,4],"tags":[],"class_list":["post-486","post","type-post","status-publish","format-standard","has-post-thumbnail","hentry","category-revendications","category-syndicats-cfdt"],"_links":{"self":[{"href":"https:\/\/cfdt13.fr\/blog\/wp-json\/wp\/v2\/posts\/486","targetHints":{"allow":["GET"]}}],"collection":[{"href":"https:\/\/cfdt13.fr\/blog\/wp-json\/wp\/v2\/posts"}],"about":[{"href":"https:\/\/cfdt13.fr\/blog\/wp-json\/wp\/v2\/types\/post"}],"author":[{"embeddable":true,"href":"https:\/\/cfdt13.fr\/blog\/wp-json\/wp\/v2\/users\/1"}],"replies":[{"embeddable":true,"href":"https:\/\/cfdt13.fr\/blog\/wp-json\/wp\/v2\/comments?post=486"}],"version-history":[{"count":3,"href":"https:\/\/cfdt13.fr\/blog\/wp-json\/wp\/v2\/posts\/486\/revisions"}],"predecessor-version":[{"id":502,"href":"https:\/\/cfdt13.fr\/blog\/wp-json\/wp\/v2\/posts\/486\/revisions\/502"}],"wp:featuredmedia":[{"embeddable":true,"href":"https:\/\/cfdt13.fr\/blog\/wp-json\/wp\/v2\/media\/487"}],"wp:attachment":[{"href":"https:\/\/cfdt13.fr\/blog\/wp-json\/wp\/v2\/media?parent=486"}],"wp:term":[{"taxonomy":"category","embeddable":true,"href":"https:\/\/cfdt13.fr\/blog\/wp-json\/wp\/v2\/categories?post=486"},{"taxonomy":"post_tag","embeddable":true,"href":"https:\/\/cfdt13.fr\/blog\/wp-json\/wp\/v2\/tags?post=486"}],"curies":[{"name":"wp","href":"https:\/\/api.w.org\/{rel}","templated":true}]}}