{"id":259,"date":"2021-11-16T15:33:09","date_gmt":"2021-11-16T14:33:09","guid":{"rendered":"http:\/\/cfdt13.fr\/blog\/?p=259"},"modified":"2021-11-22T12:12:20","modified_gmt":"2021-11-22T11:12:20","slug":"temoignage-cest-de-lesclavage-moderne","status":"publish","type":"post","link":"https:\/\/cfdt13.fr\/blog\/temoignage-cest-de-lesclavage-moderne\/","title":{"rendered":"T\u00e9moignage : C&rsquo;est de l&rsquo;esclavage moderne"},"content":{"rendered":"\n<p><strong>Rencontre avec des ouvrier agricoles d\u00e9tach\u00e9s en France<\/strong><\/p>\n\n\n\n<figure class=\"wp-block-image size-large\"><img loading=\"lazy\" decoding=\"async\" width=\"1024\" height=\"684\" src=\"http:\/\/cfdt13.fr\/blog\/wp-content\/uploads\/2021\/11\/grapes-g0ba528ebf_1920-1024x684.jpg\" alt=\"\" class=\"wp-image-261\" srcset=\"https:\/\/cfdt13.fr\/blog\/wp-content\/uploads\/2021\/11\/grapes-g0ba528ebf_1920-1024x684.jpg 1024w, https:\/\/cfdt13.fr\/blog\/wp-content\/uploads\/2021\/11\/grapes-g0ba528ebf_1920-300x200.jpg 300w, https:\/\/cfdt13.fr\/blog\/wp-content\/uploads\/2021\/11\/grapes-g0ba528ebf_1920-768x513.jpg 768w, https:\/\/cfdt13.fr\/blog\/wp-content\/uploads\/2021\/11\/grapes-g0ba528ebf_1920-1536x1026.jpg 1536w, https:\/\/cfdt13.fr\/blog\/wp-content\/uploads\/2021\/11\/grapes-g0ba528ebf_1920.jpg 1920w\" sizes=\"auto, (max-width: 1024px) 100vw, 1024px\" \/><\/figure>\n\n\n\n<p>C\u2019est Jean Yves Constantin qui nous ouvre la porte.&nbsp; Ils sont l\u00e0&nbsp;: des Equatoriens, des Boliviens, des P\u00e9ruviens, tous des travailleurs agricoles qui pendant un temps ont d\u00fb vivre l\u2019enfer.<\/p>\n\n\n\n<p>Ils ont la peur dans les yeux. Des sudam\u00e9ricains \u00e9migr\u00e9s en Espagne, puis amen\u00e9s en France en leur faisant miroiter un avenir meilleur. Des hommes et des femmes qui ont r\u00e9ussi \u00e0 \u00e9chapper \u00e0 une sorte d\u2019esclavage moderne qui se d\u00e9guise en travail d\u00e9tach\u00e9.<\/p>\n\n\n\n<blockquote class=\"wp-block-quote is-layout-flow wp-block-quote-is-layout-flow\"><p>\u00ab&nbsp;J\u2019ai travaill\u00e9 comme \u00e7a pendant <strong>15 ans<\/strong> et \u00e0 la fin, quand je suis all\u00e9 voir, je n\u2019avais que <strong>8 ans de cotisations<\/strong>&nbsp;\u00bb &nbsp;<\/p><\/blockquote>\n\n\n\n<p>Ils \u00e9taient absents lors du proc\u00e8s contre l\u2019entreprise Terra Fecundis mais c\u2019est bien d\u2019eux qu\u2019il s\u2019agit. <\/p>\n\n\n\n<p>On entend le soulagement dans leur voix quand ils disent qu\u2019ils ne sont plus dans la m\u00eame situation&nbsp;; on entend aussi l\u2019inqui\u00e9tude qu\u2019ils ressentent quand ils parlent de leurs compatriotes, ceux qui aujourd\u2019hui continuent \u00e0 travailler dans cette forme d\u2019esclavage moderne. Il ne faut pas l\u2019oublier : les entreprises comme Terra Fecundis ainsi que les exploitations agricoles qui font appel \u00e0 elle continuent de s\u00e9vir un peu partout. &nbsp;&nbsp;<\/p>\n\n\n\n<blockquote class=\"wp-block-quote is-layout-flow wp-block-quote-is-layout-flow\"><p>\u00ab&nbsp;<strong>Si l\u2019un d\u2019entre nous tombait malade<\/strong>, il \u00e9tait soign\u00e9 en France, puis la S\u00e9curit\u00e9 sociale fran\u00e7aise demandait \u00e0 l\u2019Espagne de rembourser les frais et, au final, <strong>l\u2019entreprise d\u2019int\u00e9rim, nous obligeait \u00e0 rembourser le prix des soins<\/strong>&nbsp;\u00bb<\/p><\/blockquote>\n\n\n\n<blockquote class=\"wp-block-quote is-layout-flow wp-block-quote-is-layout-flow\"><p>\u00ab&nbsp;On ne nous payait jamais les heures suppl\u00e9mentaires&nbsp;\u00bb<\/p><\/blockquote>\n\n\n\n<blockquote class=\"wp-block-quote is-layout-flow wp-block-quote-is-layout-flow\"><p>\u00ab&nbsp;<strong>Quand il y aura une visite de l\u2019inspection du travail , <em>on le sait deux jours avant<\/em><\/strong> car <strong>tout devient propre <\/strong>et apparaissent, comme par magie, le savon, le papier toilette et les serviettes&nbsp;\u00bb<\/p><\/blockquote>\n\n\n\n<blockquote class=\"wp-block-quote is-layout-flow wp-block-quote-is-layout-flow\"><p>\u00ab&nbsp;Pour les pommes, parfois on nous fixe un quota d\u2019arbres \u00e0 faire par jour, <strong>j\u2019ai vu des camarades se priver de leur pause d\u00e9jeuner pour arriver \u00e0 remplir leur quota<\/strong>&nbsp;\u00bb<\/p><\/blockquote>\n\n\n\n<p>\u00ab&nbsp;Il y a des exploitations o\u00f9 nous devons <strong>manger dehors m\u00eame l\u2019hiver<\/strong>&nbsp;\u00bb<\/p>\n\n\n\n<h2 class=\"wp-block-heading\"><strong>Pourquoi ils sont rest\u00e9s dans cet enfer<\/strong>&nbsp; <strong>?<\/strong><\/h2>\n\n\n\n<blockquote class=\"wp-block-quote is-layout-flow wp-block-quote-is-layout-flow\"><p><br>\u00ab&nbsp;Il n\u2019y avait plus de travail en Espagne. Pour <strong>payer l\u2019\u00e9cole des enfants<\/strong>, <strong>le logement<\/strong>, <strong>\u00e0 manger<\/strong>, \u2026 il me fallait travailler. La solution c\u2019est d\u2019arriver \u00e0 avoir une carte d\u2019identit\u00e9 espagnole comme \u00e7a tu es libre d\u2019aller travailler o\u00f9 tu veux en Espagne ou ailleurs. Mais pour cela il faut faire le dossier, et travailler pendant que le dossier est \u00e0 l\u2019\u00e9tude. Si tu arr\u00eates de travailler il faut recommencer le dossier \u00e0 z\u00e9ro. Pendant ce temps-l\u00e0 tu es oblig\u00e9 de baisser la t\u00eate.&nbsp;\u00bb<\/p><\/blockquote>\n\n\n\n<p>On ressort de cette rencontre boulevers\u00e9. Ces hommes et ces femmes  remercient  de s\u2019exprimer sans que cela ne soit un risque pour leur travail ou leur s\u00e9jour ; ils  sortent \u00e0 peine de ce syst\u00e8me  et essayent d\u00e9j\u00e0 d\u2019aider les autres ouvriers. Ils voient avec espoir qu\u2019il y a des organisations pour les accompagner, les rendre visibles et faire entendre leurs voix<a href=\"http:\/\/cfdt13.fr\/blog\/saisonniers-agricoles-nos-fruits-au-gout-amer\/\" target=\"_blank\" rel=\"noreferrer noopener\">. La CFDT et l&rsquo;UGT seront au rendez-vous.<\/a><\/p>\n","protected":false},"excerpt":{"rendered":"<p>Rencontre avec des ouvrier agricoles d\u00e9tach\u00e9s en France C\u2019est Jean Yves Constantin qui nous ouvre la porte.&nbsp; Ils sont l\u00e0&nbsp;:<\/p>\n","protected":false},"author":1,"featured_media":0,"comment_status":"closed","ping_status":"closed","sticky":false,"template":"","format":"standard","meta":{"_monsterinsights_skip_tracking":false,"_monsterinsights_sitenote_active":false,"_monsterinsights_sitenote_note":"","_monsterinsights_sitenote_category":0,"footnotes":""},"categories":[24],"tags":[],"class_list":["post-259","post","type-post","status-publish","format-standard","hentry","category-saisonniers"],"_links":{"self":[{"href":"https:\/\/cfdt13.fr\/blog\/wp-json\/wp\/v2\/posts\/259","targetHints":{"allow":["GET"]}}],"collection":[{"href":"https:\/\/cfdt13.fr\/blog\/wp-json\/wp\/v2\/posts"}],"about":[{"href":"https:\/\/cfdt13.fr\/blog\/wp-json\/wp\/v2\/types\/post"}],"author":[{"embeddable":true,"href":"https:\/\/cfdt13.fr\/blog\/wp-json\/wp\/v2\/users\/1"}],"replies":[{"embeddable":true,"href":"https:\/\/cfdt13.fr\/blog\/wp-json\/wp\/v2\/comments?post=259"}],"version-history":[{"count":4,"href":"https:\/\/cfdt13.fr\/blog\/wp-json\/wp\/v2\/posts\/259\/revisions"}],"predecessor-version":[{"id":299,"href":"https:\/\/cfdt13.fr\/blog\/wp-json\/wp\/v2\/posts\/259\/revisions\/299"}],"wp:attachment":[{"href":"https:\/\/cfdt13.fr\/blog\/wp-json\/wp\/v2\/media?parent=259"}],"wp:term":[{"taxonomy":"category","embeddable":true,"href":"https:\/\/cfdt13.fr\/blog\/wp-json\/wp\/v2\/categories?post=259"},{"taxonomy":"post_tag","embeddable":true,"href":"https:\/\/cfdt13.fr\/blog\/wp-json\/wp\/v2\/tags?post=259"}],"curies":[{"name":"wp","href":"https:\/\/api.w.org\/{rel}","templated":true}]}}