{"id":237,"date":"2021-11-16T15:36:02","date_gmt":"2021-11-16T14:36:02","guid":{"rendered":"http:\/\/cfdt13.fr\/blog\/?p=237"},"modified":"2022-05-31T17:08:59","modified_gmt":"2022-05-31T15:08:59","slug":"saisonniers-agricoles-nos-fruits-au-gout-amer","status":"publish","type":"post","link":"https:\/\/cfdt13.fr\/blog\/saisonniers-agricoles-nos-fruits-au-gout-amer\/","title":{"rendered":"Saisonniers agricoles : nos fruits au go\u00fbt amer"},"content":{"rendered":"\n<h2>Deux pays, deux syndicats, une seule cause : la d\u00e9fense des travailleurs agricoles d\u00e9tach\u00e9s<\/h2>\n\n\n\n<strong>L\u2019union fait la force : la Cfdt Agroalimentaire et l\u2019UGT-FICA (Federaci\u00f3n de Industria, Construcci\u00f3n y Agro de la Uni\u00f3n General de Trabajadoras y Trabajadores &#8211; Espagne) s\u2019organisent pour travailler ensemble <\/strong>\n\n\n\n<figure class=\"wp-block-image size-large\"><img loading=\"lazy\" decoding=\"async\" width=\"1024\" height=\"766\" src=\"http:\/\/cfdt13.fr\/blog\/wp-content\/uploads\/2021\/11\/IMG_20211021_112023-1024x766.jpg\" alt=\"\" class=\"wp-image-244\" srcset=\"https:\/\/cfdt13.fr\/blog\/wp-content\/uploads\/2021\/11\/IMG_20211021_112023-1024x766.jpg 1024w, https:\/\/cfdt13.fr\/blog\/wp-content\/uploads\/2021\/11\/IMG_20211021_112023-300x224.jpg 300w, https:\/\/cfdt13.fr\/blog\/wp-content\/uploads\/2021\/11\/IMG_20211021_112023-768x574.jpg 768w, https:\/\/cfdt13.fr\/blog\/wp-content\/uploads\/2021\/11\/IMG_20211021_112023-1536x1149.jpg 1536w, https:\/\/cfdt13.fr\/blog\/wp-content\/uploads\/2021\/11\/IMG_20211021_112023-2048x1532.jpg 2048w\" sizes=\"auto, (max-width: 1024px) 100vw, 1024px\" \/><\/figure>\n\n\n\n<code><h2>Fraude au travail d\u00e9tach\u00e9 : Le Syndicat CFDT Agroalimentaire et le syndicat espagnol UGT-FICA se rencontrent pour \u00e9tablir des liens pour des actions communes.<\/h2><\/code>\n\n\n\n<p>Le <a href=\"https:\/\/www.syndicalismehebdo.fr\/article\/terra-fecundis-le-proces-de-la-fraude-au-travail-detache\" target=\"_blank\" rel=\"noreferrer noopener\">dossier <strong>Terra Fecundis<\/strong><\/a> (<a href=\"http:\/\/cfdt13.fr\/cloud\/index.php\/s\/W8k82XDQJGNXDqF\" target=\"_blank\" rel=\"noreferrer noopener\">voir <\/a><a href=\"http:\/\/cfdt13.fr\/cloud\/index.php\/s\/W8k82XDQJGNXDqF\">le jugement ici<\/a>)  a mis en \u00e9vidence l\u2019absence de scrupules dans le secteur du travail d\u00e9tach\u00e9 agricole. La difficult\u00e9 de communication institutionnelle ainsi que la lourdeur des proc\u00e9dures internationales laissent une br\u00e8che aux entreprises pour frauder. <\/p>\n\n\n\n<pre class=\"wp-block-preformatted\"><em>\u00ab La FGA-CFDT, tr\u00e8s engag\u00e9e sur ce dossier depuis 2012, salue la d\u00e9cision tr\u00e8s attendue du Tribunal Correctionnel de Marseille qui condamne la soci\u00e9t\u00e9 \u00e0 la peine la plus lourde : 500.000 euros d'amende. Ses trois dirigeants espagnols ont \u00e9cop\u00e9 de 100.000 euros d'amende et de quatre ans de prisons avec sursis. C\u2019est une victoire sans pr\u00e9c\u00e9dent. \u00bb<\/em> -<strong>Communiqu\u00e9 de presse de la FGA lors du jugement.<\/strong><\/pre>\n\n\n\n<code><h2>Travail d\u00e9tach\u00e9 vs \u00e9tablissement<\/h2><\/code>\n\n\n\n<p><em><strong>\u00ab&nbsp;Ce n\u2019est pas le proc\u00e8s du travail d\u00e9tach\u00e9, il s\u2019agit du proc\u00e8s de ceux qui d\u00e9tournent, qui fraudent, qui multiplient les infractions au nom du travail d\u00e9tach\u00e9.&nbsp;\u00bb&nbsp;<\/strong><\/em> Ces mots accompagnent l\u2019explication de Me Vincent Schneegans, avocat de la CFDT, qui explique les deux notions en jeu&nbsp;: <\/p>\n\n\n\n<p>Une entreprise \u00e9tablie sur le territoire national doit s\u2019inscrire dans le registre de commerce du pays et payer les imp\u00f4ts et charges correspondants.<\/p>\n\n\n\n<p>Le <strong>travail d\u00e9tach\u00e9 <\/strong>est inclus dans le r\u00e8glement europ\u00e9en mais il a \u00e9t\u00e9 habilement <strong>d\u00e9tourn\u00e9 <\/strong>par Terra Fecundis pour dissimuler ce qui est, en r\u00e9alite,  de l<strong>\u2019\u00e9tablissement<\/strong>.<\/p>\n\n\n\n<p>Pour que le travail d\u00e9tach\u00e9 soit consid\u00e9r\u00e9 comme tel, il faut un <strong><a href=\"https:\/\/www.cleiss.fr\/reglements\/A1_infos.pdf\" target=\"_blank\" rel=\"noreferrer noopener\">certificat A1<\/a><\/strong> \u00e9manant de la s\u00e9curit\u00e9 sociale du pays de d\u00e9part et indiquant que la personne salari\u00e9e d\u00e9tach\u00e9e est bien assur\u00e9e social dans le pays de d\u00e9part quand le travailleur est en France. <\/p>\n\n\n\n<p><strong>L\u2019URSSAF et le Comit\u00e9 de liaisons europ\u00e9ennes la DGSS en Espagne, en 2013 et 2017 ont demand\u00e9 le retrait du certificat A1<\/strong> parce que les autorit\u00e9s fran\u00e7aises consid\u00e9raient que les certificats avaient \u00e9t\u00e9 d\u00e9livr\u00e9s de fa\u00e7on frauduleuse. <strong>Ce m\u00e9canisme complexe de demande de retrait<\/strong> <strong>a contribu\u00e9 \u00e0 prouver la fraude mise en place par Terra Fecundis<\/strong>.<\/p>\n\n\n\n<p><\/p>\n\n\n\n<code><h2>La situation aujourd'hui<\/h2><\/code>\n\n\n\n<p><strong>Jean Yves Constantin<\/strong>, \u00e9lu \u00e0 la MSA (S\u00e9curit\u00e9 Sociale Agricole) pour la<strong> CFDT<\/strong>, et responsable du dossier des travailleurs agricoles au <strong><a href=\"https:\/\/fga.cfdt.fr\/portail\/agroalimentaire-recette_11468\" target=\"_blank\" rel=\"noreferrer noopener\">syndicat AGRO<\/a><\/strong> (SGA) pose les \u00e9l\u00e9ments sociaux qui interviennent. Dans cette affaire il est impossible de ne pas tenir compte de l\u2019aspect social car il est la base de tous les abus commis contre ces ouvriers.<\/p>\n\n\n\n<p>L\u2019organisation mise en place vise \u00e0 <strong>d\u00e9socialiser les travailleurs&nbsp;<\/strong>: pas de contacts ext\u00e9rieurs pendant le temps de travail, habitat isol\u00e9 (et indigne&nbsp;!), droit du travail annonc\u00e9 comme hors du champ social local, r\u00e8gles propres aux lieux de vie,\u2026 sans oublier l\u2019extr\u00eame pr\u00e9carisation.<\/p>\n\n\n\n<p>Il s&rsquo;agit de personnes dans une extr\u00eame pr\u00e9carit\u00e9, la plupart du temps des immigr\u00e9s latino-am\u00e9ricains et maintenant d\u2019Afrique subsaharienne, qui travaillent pour envoyer une partie de leur r\u00e9mun\u00e9ration au pays. Ces familles,<strong> qui ont besoin de rester en Europe et \u00e0 qui on fait miroiter un titre de s\u00e9jour&nbsp;en \u00e9change de la servitude qu\u2019on leur impose<\/strong>, ont quitt\u00e9 leurs pays d\u2019origine pour trouver ici des situations tr\u00e8s douloureuses. La plupart d\u2019entre eux ne parlent pas fran\u00e7ais, ceci augmente la pr\u00e9carit\u00e9.<\/p>\n\n\n\n<p><em><strong>\u00ab&nbsp;Si nous restons en silence face \u00e0 ce qui se passe, nous aurons aussi une partie de la responsabilit\u00e9 de cette souffrance inflig\u00e9e \u00e0 des travailleurs vuln\u00e9rables \u00bb<\/strong><\/em> dit Jean Yves Constantin.<\/p>\n\n\n\n<p><strong>Lucia Garcia-Quismondo et Antonio Garcia, de l&rsquo;UGT<\/strong>,  racontent comment l\u2019entreprise fait preuve d\u2019un \u00e9norme cynisme&nbsp;: leurs bus sont dot\u00e9s de vid\u00e9os qui, pendant le voyage, parlent aux ouvriers de leurs droits. <\/p>\n\n\n\n<p>Ils rappellent qu\u2019Il y approximativement <strong>500 entreprises agricoles qui utilisent les services des sous-traitants<\/strong> ce qui d\u00e9rive facilement en <strong>violations massives des contrats de travail<\/strong>. <strong>Il faut une certaine complicit\u00e9 entre quelques acteurs pour que cela puisse arriver.<\/strong> C\u2019est ce que le jugement prononc\u00e9 \u00e0 l\u2019issu du proc\u00e8s de Terra Fecundis a commenc\u00e9 de mettre en \u00e9vidence.<\/p>\n\n\n\n<p>Du c\u00f4t\u00e9 espagnol le constat de l\u2019UGT-FICA est que les travailleurs ont peur et ils ne d\u00e9noncent pas parce qu\u2019ils ont besoin du travail et que l\u2019entreprise met en place des pressions fortes sur les personnes et leur famille. <strong>Les syndicalistes espagnols font \u00e9tat de pratiques similaires de chaque c\u00f4t\u00e9 de la fronti\u00e8re&nbsp;<\/strong>: des avantages pour l\u2019un des salari\u00e9s du groupe pour que celui-ci  contr\u00f4le les autres, des heures suppl\u00e9mentaires non pay\u00e9es, des conditions d\u2019hygi\u00e8ne lamentables, des logements non adapt\u00e9s, de la connivence avec les autorit\u00e9s locales pour \u00e9chapper au contr\u00f4le de l\u2019Etat.<\/p>\n\n\n\n<p>En parlant des propri\u00e9taires des exploitations qui utilisent cette main d\u2019\u0153uvre, Antonio Garcia dit clairement&nbsp;: <em>\u00ab&nbsp;je les connais, d\u00e8s que je les entends dire  &lsquo;chez eux c\u2019est pire&rsquo;, je sais ce que cela veut dire \u00bb<\/em><\/p>\n\n\n\n<p>Les repr\u00e9sentants de l\u2019UGT-FICA parlent de leur d\u00e9sarroi face \u00e0 la complexit\u00e9 d\u2019une situation qui touche les deux pays. Cette rencontre ouvre <strong>des possibilit\u00e9s pour une meilleure coordination des actions<\/strong> et pour <strong>mieux accompagner et d\u00e9fendre  ces travailleurs<\/strong> \u00e0 l&rsquo;avenir.<\/p>\n\n\n\n<code><h2>La position de la F\u00e9d\u00e9ration CFDT Agricole<\/h2><\/code>\n\n\n\n<p>Face au fl\u00e9au de ces pratiques, la secr\u00e9taire nationale <strong>FGA-CFDT<\/strong>, <strong>H\u00e9l\u00e8ne Deborde<\/strong>, pr\u00e9cise que <strong>la CFDT a d\u00e9cid\u00e9 de se porter partie civile contre ces entreprises fraudeuses \u00e0 chaque fois qu\u2019il y aura la possibilit\u00e9 de le faire<\/strong>. <\/p>\n\n\n\n<p>Il est du devoir de la CFDTde d\u00e9fendre ces salari\u00e9s victimes du dumping social ou des entreprises sans scrupules qui bafouent leurs droits.<\/p>\n\n\n\n<p>C\u2019est pour faire face \u00e0 cette responsabilit\u00e9 que la CFDT et l\u2019UGT-FICA se r\u00e9unissent aujourd\u2019hui. Avec la l\u00e9gislation europ\u00e9enne le travail en commun des deux syndicats devient une \u00e9vidence.<\/p>\n\n\n\n<code><h2>CFDT \u2013 UGT : Rencontre \u00e0 Marseille le 21 et 22 octobre 2021<\/h2><\/code>\n\n\n\n<p>Pendant la rencontre les deux syndicats ont pu non seulement renforcer des liens d\u00e9j\u00e0 en place mais aussi entendre la voix des organismes fran\u00e7ais :  DREETS, Inspection du travail, MSA, URSSAF. Il \u00e9tait important d\u2019entendre leur analyse et leur position et de leur poser certaines questions pour mieux faire avancer les dossiers encore en cours et ceux \u00e0 venir.<\/p>\n\n\n\n<code><h3>CFDT \u2013 UGT les possibles actions communes<\/h3><\/code>\n\n\n\n<figure class=\"wp-block-embed is-type-video is-provider-youtube wp-block-embed-youtube wp-embed-aspect-16-9 wp-has-aspect-ratio\"><div class=\"wp-block-embed__wrapper\">\n<iframe loading=\"lazy\" title=\"Rencontre entre la CFDT Agroalimentaire et le syndicat espagnol UGT-FICA\" width=\"800\" height=\"450\" src=\"https:\/\/www.youtube.com\/embed\/2dgUTOWCmjM?feature=oembed\" frameborder=\"0\" allow=\"accelerometer; autoplay; clipboard-write; encrypted-media; gyroscope; picture-in-picture\" allowfullscreen><\/iframe>\n<\/div><\/figure>\n\n\n\n<code><h3>Les participants :<\/h3><\/code>\n\n\n\n<p><strong>Pour la CFDT:<\/strong> H\u00e9l\u00e8ne Deborde, Secr\u00e9taire f\u00e9d\u00e9rale de la FGA&nbsp;; David Veyer, responsable r\u00e9gional de la FGA&nbsp;; Patrick Lieutaud, Secr\u00e9taire G\u00e9n\u00e9ral du SGA Bouches du Rh\u00f4ne&nbsp;; Jean Yves Constantin, D\u00e9l\u00e9gu\u00e9 CFDT\u00e0 charge du dossier des saisonniers agricoles et \u00e9lu \u00e0 la MSA&nbsp;; Cyril Jouan, Secr\u00e9taire G\u00e9n\u00e9ral de la CFDT13 et Me Vincent Schneegans, avocat de la CFDT.<\/p>\n\n\n\n<p><strong>Pour l&rsquo; UGT-FICA&nbsp;:<\/strong> Lucia Garcia-Quismondo et Antonio Garcia<\/p>\n\n\n\n<p><strong>Invit\u00e9s&nbsp;: <\/strong>Monsieur Jer\u00f4me Corniquet, directeur adjoint \u00e0 la DDETS, Monsieur Vanrokeghem de l\u2019URACTI (en Visio conf\u00e9rence), Mme Anne Laybourne, Secr\u00e9taire G\u00e9n\u00e9rale adjointe de la Pr\u00e9fecture des Bouches du Rh\u00f4ne (en Visio conf\u00e9rence), Monsieur Paul RAMACKERS de la DDEETS CODAF Gard (en Visio conf\u00e9rence). <\/p>\n\n\n\n<div class=\"wp-block-columns is-layout-flex wp-container-core-columns-is-layout-9d6595d7 wp-block-columns-is-layout-flex\">\n<div class=\"wp-block-column is-layout-flow wp-block-column-is-layout-flow\" style=\"flex-basis:50%\">\n<div class=\"wp-block-columns is-layout-flex wp-container-core-columns-is-layout-9d6595d7 wp-block-columns-is-layout-flex\">\n<div class=\"wp-block-column is-layout-flow wp-block-column-is-layout-flow\" style=\"flex-basis:100%\">\n<p>Les deux syndicats ont accord\u00e9 de favoriser que les victimes puissent se porter partie civile et puissent \u00eatre repr\u00e9sent\u00e9es par un syndicat. Donc, la CFDT et l\u2019UGT \u00e9valuent ensemble la meilleure strat\u00e9gie. En attendant, les deux syndicats se proposent de servir de pont mutuellement pour l\u2019acc\u00e8s au droit des travailleurs des deux c\u00f4t\u00e9s de la fronti\u00e8re.<\/p>\n<\/div>\n<\/div>\n<\/div>\n\n\n\n<div class=\"wp-block-column is-layout-flow wp-block-column-is-layout-flow\" style=\"flex-basis:50%\">\n<figure class=\"wp-block-image size-large\"><img loading=\"lazy\" decoding=\"async\" width=\"2560\" height=\"1916\" src=\"http:\/\/cfdt13.fr\/blog\/wp-content\/uploads\/2021\/11\/IMG_20211021_171243-edited-scaled.jpg\" alt=\"\" class=\"wp-image-242\" srcset=\"https:\/\/cfdt13.fr\/blog\/wp-content\/uploads\/2021\/11\/IMG_20211021_171243-edited-scaled.jpg 2560w, https:\/\/cfdt13.fr\/blog\/wp-content\/uploads\/2021\/11\/IMG_20211021_171243-edited-300x225.jpg 300w, https:\/\/cfdt13.fr\/blog\/wp-content\/uploads\/2021\/11\/IMG_20211021_171243-edited-1024x766.jpg 1024w, https:\/\/cfdt13.fr\/blog\/wp-content\/uploads\/2021\/11\/IMG_20211021_171243-edited-768x575.jpg 768w, https:\/\/cfdt13.fr\/blog\/wp-content\/uploads\/2021\/11\/IMG_20211021_171243-edited-1536x1150.jpg 1536w, https:\/\/cfdt13.fr\/blog\/wp-content\/uploads\/2021\/11\/IMG_20211021_171243-edited-2048x1533.jpg 2048w\" sizes=\"auto, (max-width: 2560px) 100vw, 2560px\" \/><figcaption>Lucia Garcia-Quismondo et Antonio Garcia<\/figcaption><\/figure>\n<\/div>\n<\/div>\n\n\n\n<p><strong>Des liens pour en savoir plus :<\/strong><\/p>\n\n\n\n<p><strong><a href=\"http:\/\/cfdt13.fr\/blog\/temoignage-cest-de-lesclavage-moderne\/\" target=\"_blank\" rel=\"noreferrer noopener\">T\u00e9moignages <\/a><\/strong><\/p>\n\n\n\n<p><a href=\"https:\/\/www.terre-net.fr\/actualite-agricole\/economie-social\/article\/le-systeme-terra-fecundis-denonce-202-179010.html\" target=\"_blank\" rel=\"noreferrer noopener\">Le syst\u00e8me Terra Fecundis d\u00e9nonc\u00e9. terre-net.fr<\/a><\/p>\n\n\n\n<p><a href=\"https:\/\/www.herveguichaoua.fr\/actualites\/article\/condamnations-lourdes-et-exemplaires-dans-l-affaire-terra-fecundis-entreprise-de-travail-temporaire-espagnole\" target=\"_blank\" rel=\"noreferrer noopener\">Des peines exemplaires prononc\u00e9es dans l\u2019affaire Terra Fecundis. herveguichaoua.fr<\/a><\/p>\n\n\n<div class=\"wp-block-post-author\"><div class=\"wp-block-post-author__avatar\"><img alt='' src='https:\/\/secure.gravatar.com\/avatar\/ab7138cbbf8c640029bed622bdef300cfc5e04e5476734240000c86a25a521d8?s=48&#038;d=mm&#038;r=g' srcset='https:\/\/secure.gravatar.com\/avatar\/ab7138cbbf8c640029bed622bdef300cfc5e04e5476734240000c86a25a521d8?s=96&#038;d=mm&#038;r=g 2x' class='avatar avatar-48 photo' height='48' width='48' \/><\/div><div class=\"wp-block-post-author__content\"><p class=\"wp-block-post-author__byline\">Carmela Garipoli<\/p><p class=\"wp-block-post-author__name\">communication cfdt 13<\/p><\/div><\/div>","protected":false},"excerpt":{"rendered":"<p>Deux pays, deux syndicats, une seule cause : la d\u00e9fense des travailleurs agricoles d\u00e9tach\u00e9s L\u2019union fait la force : la<\/p>\n","protected":false},"author":1,"featured_media":0,"comment_status":"closed","ping_status":"closed","sticky":false,"template":"","format":"standard","meta":{"_monsterinsights_skip_tracking":false,"_monsterinsights_sitenote_active":false,"_monsterinsights_sitenote_note":"","_monsterinsights_sitenote_category":0,"footnotes":""},"categories":[23,6,15,25,24,14],"tags":[],"class_list":["post-237","post","type-post","status-publish","format-standard","hentry","category-agroalimentaire","category-cfdt","category-conditions-de-travail","category-dossiers","category-saisonniers","category-salaries"],"_links":{"self":[{"href":"https:\/\/cfdt13.fr\/blog\/wp-json\/wp\/v2\/posts\/237","targetHints":{"allow":["GET"]}}],"collection":[{"href":"https:\/\/cfdt13.fr\/blog\/wp-json\/wp\/v2\/posts"}],"about":[{"href":"https:\/\/cfdt13.fr\/blog\/wp-json\/wp\/v2\/types\/post"}],"author":[{"embeddable":true,"href":"https:\/\/cfdt13.fr\/blog\/wp-json\/wp\/v2\/users\/1"}],"replies":[{"embeddable":true,"href":"https:\/\/cfdt13.fr\/blog\/wp-json\/wp\/v2\/comments?post=237"}],"version-history":[{"count":27,"href":"https:\/\/cfdt13.fr\/blog\/wp-json\/wp\/v2\/posts\/237\/revisions"}],"predecessor-version":[{"id":563,"href":"https:\/\/cfdt13.fr\/blog\/wp-json\/wp\/v2\/posts\/237\/revisions\/563"}],"wp:attachment":[{"href":"https:\/\/cfdt13.fr\/blog\/wp-json\/wp\/v2\/media?parent=237"}],"wp:term":[{"taxonomy":"category","embeddable":true,"href":"https:\/\/cfdt13.fr\/blog\/wp-json\/wp\/v2\/categories?post=237"},{"taxonomy":"post_tag","embeddable":true,"href":"https:\/\/cfdt13.fr\/blog\/wp-json\/wp\/v2\/tags?post=237"}],"curies":[{"name":"wp","href":"https:\/\/api.w.org\/{rel}","templated":true}]}}