{"id":1407,"date":"2024-04-19T10:31:19","date_gmt":"2024-04-19T08:31:19","guid":{"rendered":"https:\/\/cfdt13.fr\/blog\/?p=1407"},"modified":"2024-04-20T20:35:20","modified_gmt":"2024-04-20T18:35:20","slug":"elections-europeennes-les-enjeux-les-risques-ce-que-dit-la-cfdt","status":"publish","type":"post","link":"https:\/\/cfdt13.fr\/blog\/elections-europeennes-les-enjeux-les-risques-ce-que-dit-la-cfdt\/","title":{"rendered":"\u00c9lections europ\u00e9ennes : les enjeux, les risques, ce que dit la CFDT&#8230;"},"content":{"rendered":"\n<h2 class=\"wp-block-heading\">Apr\u00e8s midi de d\u00e9bats organis\u00e9e par l&rsquo;UTR (Union Territoriale de Retrait\u00e9s)<\/h2>\n\n\n\n<p class=\"has-small-font-size\"><strong>Article transmis par Gilles Toullec, Secr\u00e9taire G\u00e9n\u00e9ral de l&rsquo;UTR.<\/strong><\/p>\n\n\n\n<p>A l\u2019initiative de l\u2019UTR CFDT des Bouches du Rh\u00f4ne, Le 11 avril 2024, dans nos locaux d\u2019Aix en Provence, s\u2019est d\u00e9roul\u00e9 un expos\u00e9 suivi d\u2019un d\u00e9bat sur les enjeux des futures \u00e9lections Europ\u00e9ennes du 9 juin 2024.<\/p>\n\n\n\n<figure class=\"wp-block-gallery has-nested-images columns-default is-cropped wp-block-gallery-1 is-layout-flex wp-block-gallery-is-layout-flex\">\n<figure class=\"wp-block-image size-large\"><img loading=\"lazy\" decoding=\"async\" width=\"1024\" height=\"768\" data-id=\"1409\" src=\"https:\/\/cfdt13.fr\/blog\/wp-content\/uploads\/2024\/04\/435161667_1131071328045274_6019820489695113889_n-1024x768.jpg\" alt=\"\" class=\"wp-image-1409\" srcset=\"https:\/\/cfdt13.fr\/blog\/wp-content\/uploads\/2024\/04\/435161667_1131071328045274_6019820489695113889_n-1024x768.jpg 1024w, https:\/\/cfdt13.fr\/blog\/wp-content\/uploads\/2024\/04\/435161667_1131071328045274_6019820489695113889_n-300x225.jpg 300w, https:\/\/cfdt13.fr\/blog\/wp-content\/uploads\/2024\/04\/435161667_1131071328045274_6019820489695113889_n-768x576.jpg 768w, https:\/\/cfdt13.fr\/blog\/wp-content\/uploads\/2024\/04\/435161667_1131071328045274_6019820489695113889_n-1536x1152.jpg 1536w, https:\/\/cfdt13.fr\/blog\/wp-content\/uploads\/2024\/04\/435161667_1131071328045274_6019820489695113889_n.jpg 2048w\" sizes=\"auto, (max-width: 1024px) 100vw, 1024px\" \/><\/figure>\n\n\n\n<figure class=\"wp-block-image size-large\"><img loading=\"lazy\" decoding=\"async\" width=\"1024\" height=\"768\" data-id=\"1408\" src=\"https:\/\/cfdt13.fr\/blog\/wp-content\/uploads\/2024\/04\/435099186_1131071318045275_63413320055165866_n-1024x768.jpg\" alt=\"\" class=\"wp-image-1408\" srcset=\"https:\/\/cfdt13.fr\/blog\/wp-content\/uploads\/2024\/04\/435099186_1131071318045275_63413320055165866_n-1024x768.jpg 1024w, https:\/\/cfdt13.fr\/blog\/wp-content\/uploads\/2024\/04\/435099186_1131071318045275_63413320055165866_n-300x225.jpg 300w, https:\/\/cfdt13.fr\/blog\/wp-content\/uploads\/2024\/04\/435099186_1131071318045275_63413320055165866_n-768x576.jpg 768w, https:\/\/cfdt13.fr\/blog\/wp-content\/uploads\/2024\/04\/435099186_1131071318045275_63413320055165866_n-1536x1152.jpg 1536w, https:\/\/cfdt13.fr\/blog\/wp-content\/uploads\/2024\/04\/435099186_1131071318045275_63413320055165866_n.jpg 2048w\" sizes=\"auto, (max-width: 1024px) 100vw, 1024px\" \/><\/figure>\n<\/figure>\n\n\n\n<p>C\u2019est <strong>Claude REYNOIRD<\/strong>, Pr\u00e9sident Honoraire du Mouvement Europ\u00e9en en Provence, ancien magistrat, qui \u00e9tait <strong>charg\u00e9 de l\u2019expos\u00e9<\/strong>. Celui ci s\u2019est d\u00e9roul\u00e9 sur 6 grands th\u00e8mes:<\/p>\n\n\n\n<p>1\u00b0) <strong>Points forts de l\u2019UE<\/strong>: <\/p>\n\n\n\n<ul class=\"wp-block-list\">\n<li>Ses racines historiques profondes ;<\/li>\n\n\n\n<li>ses symboles (drapeau, hymne) ;<\/li>\n\n\n\n<li>ses valeurs (Paix. \u00c9tat de Droit. Droits fondamentaux. Solidarit\u00e9) ;<\/li>\n\n\n\n<li>un mod\u00e8le unique au monde ;<\/li>\n\n\n\n<li>une puissance \u00e9conomique reconnue ;<\/li>\n\n\n\n<li>l\u2019Euro, devenue une monnaie de r\u00e9f\u00e9rence ;<\/li>\n\n\n\n<li>l\u2019Europe, Puissance scientifique et technologique ;<\/li>\n\n\n\n<li>zone d\u2019\u00e9quipements publics de haut niveau.<\/li>\n<\/ul>\n\n\n\n<p>2\u00b0) <strong>Ses faiblesses<\/strong> :<\/p>\n\n\n\n<ul class=\"wp-block-list\">\n<li>Valeurs et citoyennet\u00e9 europ\u00e9ennes insuffisamment promues (\u00c9ducation, Pouvoirs publics, M\u00e9dias) ;<\/li>\n\n\n\n<li>vieillissement de la population ;<\/li>\n\n\n\n<li>valeurs sociales contest\u00e9es avec \u00e9mergence des int\u00e9r\u00eats particuliers, et nationalistes ;<\/li>\n\n\n\n<li>d\u00e9clin industriel ;<\/li>\n\n\n\n<li>r\u00e8gle du vote \u00e0 l\u2019unanimit\u00e9 (pour 1\/3 environ des d\u00e9cisions) ;<\/li>\n\n\n\n<li>la gestion des flux migratoires.<\/li>\n<\/ul>\n\n\n\n<p>3\u00b0) <strong>Les pistes pour relever les d\u00e9fis<\/strong>:<\/p>\n\n\n\n<ul class=\"wp-block-list\">\n<li>Affirmer la puissance europ\u00e9enne et r\u00e9affirmer notre appartenance \u00e0 l\u2019UE ;<\/li>\n\n\n\n<li>d\u00e9fendre ses valeurs ;<\/li>\n\n\n\n<li>l\u2019Union doit aussi se renforcer pour faire face aux \u00e9go\u00efsmes des \u00ab\u00e9tats nation\u00bb, et am\u00e9liorer son fonctionnement<\/li>\n<\/ul>\n\n\n\n<p>4\u00b0) <strong>Les Moyens pour relever les d\u00e9fis<\/strong> :<\/p>\n\n\n\n<ul class=\"wp-block-list\">\n<li>Renforcer le budget de l\u2019UE et investir dans les th\u00e9matiques d\u2019avenir ; <\/li>\n\n\n\n<li>modifier et moderniser les trait\u00e9s; <\/li>\n\n\n\n<li>l\u2019UE se doit d\u2019innover<\/li>\n\n\n\n<li>renforcer l\u2019aide aux pays en voie de d\u00e9veloppement ;<\/li>\n\n\n\n<li>l\u2019UE doit renforcer les moyens pour assurer la diplomatie, la d\u00e9fense et la s\u00e9curit\u00e9.<\/li>\n<\/ul>\n\n\n\n<p>5\u00b0) <strong>Bilan de la mandature 2019\/2023 <\/strong>: <\/p>\n\n\n\n<ul class=\"wp-block-list\">\n<li>L\u2019UE toujours un espace de n\u00e9gociations et compromis ;<\/li>\n\n\n\n<li>la gestion de la crise du Covid ;<\/li>\n\n\n\n<li>la relance \u00e9conomique apr\u00e8s le Covid ; soutien \u00e0 l\u2019Ukraine ;<\/li>\n\n\n\n<li>Ouverture de n\u00e9gociations en vue de l\u2019adh\u00e9sion de nouveaux pays ;<\/li>\n\n\n\n<li>lutte contre la d\u00e9sinformation et la cybercriminalit\u00e9; <\/li>\n\n\n\n<li>renforcement du partenariat avec l\u2019OTAN ;<\/li>\n\n\n\n<li>plus d\u2019efficacit\u00e9 et et de solidarit\u00e9 dans la gestion des crises et catastrophes (Incendies. Inondations. Catastrophes naturelles).<\/li>\n<\/ul>\n\n\n\n<p>6\u00b0) <strong>Les priorit\u00e9s de l\u2019UE pour l\u2019avenir<\/strong> : <\/p>\n\n\n\n<ul class=\"wp-block-list\">\n<li>Pacte Vert ;<\/li>\n\n\n\n<li>D\u00e9velopper les droits des citoyens ;<\/li>\n\n\n\n<li>ma\u00eetriser l\u2019IA (Intelligence Artificielle) ;<\/li>\n\n\n\n<li>investir dans l\u2019Industrie (Micro conducteurs. Biotechnologies. Batteries. \u00c9olien) ;<\/li>\n\n\n\n<li>l\u2019UE doit \u00eatre le socle d\u2019une \u00e9conomie sociale de march\u00e9 et promouvoir les droits sociaux ;<\/li>\n\n\n\n<li>se renforcer sur le plan international.<\/li>\n<\/ul>\n\n\n\n<h2 class=\"wp-block-heading\">A l\u2019issue de l\u2019expos\u00e9, la s\u00e9ance de questions\/r\u00e9ponses a principalement port\u00e9 sur:<\/h2>\n\n\n\n<ul class=\"wp-block-list\">\n<li>L\u2019information et la promotion de l\u2019UE aupr\u00e8s de la Population, et notamment des jeunes.<\/li>\n\n\n\n<li>L\u2019Europe sociale et le r\u00f4le des syndicats au niveau europ\u00e9en.<\/li>\n\n\n\n<li>La fiscalit\u00e9 dans l\u2019UE.<\/li>\n\n\n\n<li>La communication de l\u2019UE (d\u00e9faillante &#8211; insuffisante) et l\u2019impact du lobbying dans les instances.<\/li>\n\n\n\n<li>La place et le comportement du RN au Parlement Europ\u00e9en.<\/li>\n<\/ul>\n","protected":false},"excerpt":{"rendered":"<p>Apr\u00e8s midi de d\u00e9bats organis\u00e9e par l&rsquo;UTR (Union Territoriale de Retrait\u00e9s) Article transmis par Gilles Toullec, Secr\u00e9taire G\u00e9n\u00e9ral de l&rsquo;UTR.<\/p>\n","protected":false},"author":1,"featured_media":1360,"comment_status":"closed","ping_status":"closed","sticky":false,"template":"","format":"standard","meta":{"_monsterinsights_skip_tracking":false,"_monsterinsights_sitenote_active":false,"_monsterinsights_sitenote_note":"","_monsterinsights_sitenote_category":0,"footnotes":""},"categories":[43,6],"tags":[48],"class_list":["post-1407","post","type-post","status-publish","format-standard","has-post-thumbnail","hentry","category-a-la-une","category-cfdt","tag-cfdt"],"_links":{"self":[{"href":"https:\/\/cfdt13.fr\/blog\/wp-json\/wp\/v2\/posts\/1407","targetHints":{"allow":["GET"]}}],"collection":[{"href":"https:\/\/cfdt13.fr\/blog\/wp-json\/wp\/v2\/posts"}],"about":[{"href":"https:\/\/cfdt13.fr\/blog\/wp-json\/wp\/v2\/types\/post"}],"author":[{"embeddable":true,"href":"https:\/\/cfdt13.fr\/blog\/wp-json\/wp\/v2\/users\/1"}],"replies":[{"embeddable":true,"href":"https:\/\/cfdt13.fr\/blog\/wp-json\/wp\/v2\/comments?post=1407"}],"version-history":[{"count":2,"href":"https:\/\/cfdt13.fr\/blog\/wp-json\/wp\/v2\/posts\/1407\/revisions"}],"predecessor-version":[{"id":1416,"href":"https:\/\/cfdt13.fr\/blog\/wp-json\/wp\/v2\/posts\/1407\/revisions\/1416"}],"wp:featuredmedia":[{"embeddable":true,"href":"https:\/\/cfdt13.fr\/blog\/wp-json\/wp\/v2\/media\/1360"}],"wp:attachment":[{"href":"https:\/\/cfdt13.fr\/blog\/wp-json\/wp\/v2\/media?parent=1407"}],"wp:term":[{"taxonomy":"category","embeddable":true,"href":"https:\/\/cfdt13.fr\/blog\/wp-json\/wp\/v2\/categories?post=1407"},{"taxonomy":"post_tag","embeddable":true,"href":"https:\/\/cfdt13.fr\/blog\/wp-json\/wp\/v2\/tags?post=1407"}],"curies":[{"name":"wp","href":"https:\/\/api.w.org\/{rel}","templated":true}]}}