{"id":1371,"date":"2024-03-20T09:15:39","date_gmt":"2024-03-20T08:15:39","guid":{"rendered":"https:\/\/cfdt13.fr\/blog\/?p=1371"},"modified":"2024-03-20T09:17:33","modified_gmt":"2024-03-20T08:17:33","slug":"fonction-publique-retour-sur-la-mobilisation-du-19-mars","status":"publish","type":"post","link":"https:\/\/cfdt13.fr\/blog\/fonction-publique-retour-sur-la-mobilisation-du-19-mars\/","title":{"rendered":"Fonction publique : retour sur la mobilisation du 19 mars"},"content":{"rendered":"\n<p class=\"has-text-align-right has-small-font-size\"><strong>Alain REI, SG de la CFDT 13<\/strong><\/p>\n\n\n\n<p>La mobilisation du 19 mars n\u2019a pas eu l\u2019importance que les organisations syndicales esp\u00e9raient. Pourtant les sujets de m\u00e9contentement \u00e9taient nombreux.<br>Au-del\u00e0 du sujet du pouvoir d\u2019achat, la fonction publique traverse une crise sans pr\u00e9c\u00e9dent. Tous nos champs professionnels ont du mal \u00e0 recruter, tous les personnels au service de l\u2019\u00c9tat sont dans une souffrance au travail jamais \u00e9gal\u00e9e. Malgr\u00e9 nos alertes, malgr\u00e9 nos pr\u00e9conisations, malgr\u00e9 toutes les propositions que la <a href=\"http:\/\/cfdt.fr\">CFDT<\/a> a pu faire pour am\u00e9liorer les conditions de travail des agentes et des agents des fonctions publiques, ce gouvernement fait la sourde oreille et ne parle que de r\u00e9duction d\u2019effectifs et d\u2019\u00e9conomies structurelles. Bien s\u00fbr, il est important de garder regard sur la d\u00e9pense publique, bien s\u00fbr il est important de chercher dans cette p\u00e9riode de crise \u00e0 optimiser les d\u00e9penses et faire des \u00e9conomies d\u2019\u00e9chelle et cela n\u2019est pas un probl\u00e8me en soi. Par contre, le faire d\u2019une mani\u00e8re arbitraire sans concertation avec les personnels, sans analyse r\u00e9elle des cons\u00e9quences, sans se rendre compte que les services publics sont en train de se d\u00e9t\u00e9riorer, ne sont pas signe d\u2019une gestion efficace du pays.<\/p>\n\n\n\n<p>Ce gouvernement n\u2019a pas de vision, n\u2019a pas de projet, n\u2019a pas d\u2019ambition pour le pays. Et, encore une fois, c\u2019est sont les services publics qui paient la note. Face \u00e0 cela, aujourd\u2019hui la question de la mobilisation se pose.<\/p>\n\n\n\n<p>Aujourd\u2019hui nous devons inventer de nouvelles fa\u00e7ons d\u2019\u00e9tablir un rapport de force car visiblement la gr\u00e8ve ne r\u00e9pond plus \u00e0 cela. <strong>Pour la CFDT, l\u2019observation du travail est le point d\u2019entr\u00e9e pour toute r\u00e9forme du travail<\/strong>. Aujourd\u2019hui, si vous voulons peser dans le dialogue social, il nous faut \u00eatre surs de l\u2019efficience de nos observations et que nos propositions soient en accord avec les travailleuses et travailleurs des secteurs concern\u00e9s.<\/p>\n\n\n\n<p> Je tiens maintenant \u00e0 remercier les camarades qui se sont mobilis\u00e9\u00b7e\u00b7s aujourd\u2019hui, particuli\u00e8rement celles et ceux du secteur priv\u00e9, venu\u00b7e\u00b7s soutenir la Fonction publique. <strong>Merci \u00e0 toutes et tous<\/strong> !<br><br><\/p>\n","protected":false},"excerpt":{"rendered":"<p>Alain REI, SG de la CFDT 13 La mobilisation du 19 mars n\u2019a pas eu l\u2019importance que les organisations syndicales<\/p>\n","protected":false},"author":1,"featured_media":1372,"comment_status":"closed","ping_status":"closed","sticky":false,"template":"","format":"standard","meta":{"_monsterinsights_skip_tracking":false,"_monsterinsights_sitenote_active":false,"_monsterinsights_sitenote_note":"","_monsterinsights_sitenote_category":0,"footnotes":""},"categories":[43,31,6,15,27,7],"tags":[72,73,62],"class_list":["post-1371","post","type-post","status-publish","format-standard","has-post-thumbnail","hentry","category-a-la-une","category-actions-cfdt","category-cfdt","category-conditions-de-travail","category-fonctions-publiques","category-revendications","tag-fonction-publique","tag-fonctionnaires","tag-greve"],"_links":{"self":[{"href":"https:\/\/cfdt13.fr\/blog\/wp-json\/wp\/v2\/posts\/1371","targetHints":{"allow":["GET"]}}],"collection":[{"href":"https:\/\/cfdt13.fr\/blog\/wp-json\/wp\/v2\/posts"}],"about":[{"href":"https:\/\/cfdt13.fr\/blog\/wp-json\/wp\/v2\/types\/post"}],"author":[{"embeddable":true,"href":"https:\/\/cfdt13.fr\/blog\/wp-json\/wp\/v2\/users\/1"}],"replies":[{"embeddable":true,"href":"https:\/\/cfdt13.fr\/blog\/wp-json\/wp\/v2\/comments?post=1371"}],"version-history":[{"count":3,"href":"https:\/\/cfdt13.fr\/blog\/wp-json\/wp\/v2\/posts\/1371\/revisions"}],"predecessor-version":[{"id":1375,"href":"https:\/\/cfdt13.fr\/blog\/wp-json\/wp\/v2\/posts\/1371\/revisions\/1375"}],"wp:featuredmedia":[{"embeddable":true,"href":"https:\/\/cfdt13.fr\/blog\/wp-json\/wp\/v2\/media\/1372"}],"wp:attachment":[{"href":"https:\/\/cfdt13.fr\/blog\/wp-json\/wp\/v2\/media?parent=1371"}],"wp:term":[{"taxonomy":"category","embeddable":true,"href":"https:\/\/cfdt13.fr\/blog\/wp-json\/wp\/v2\/categories?post=1371"},{"taxonomy":"post_tag","embeddable":true,"href":"https:\/\/cfdt13.fr\/blog\/wp-json\/wp\/v2\/tags?post=1371"}],"curies":[{"name":"wp","href":"https:\/\/api.w.org\/{rel}","templated":true}]}}