{"id":1350,"date":"2024-03-12T11:35:01","date_gmt":"2024-03-12T10:35:01","guid":{"rendered":"https:\/\/cfdt13.fr\/blog\/?p=1350"},"modified":"2024-03-12T11:35:02","modified_gmt":"2024-03-12T10:35:02","slug":"toute-la-fonction-publique-se-mobilise-le-19-mars-2024","status":"publish","type":"post","link":"https:\/\/cfdt13.fr\/blog\/toute-la-fonction-publique-se-mobilise-le-19-mars-2024\/","title":{"rendered":"TOUTE LA FONCTION PUBLIQUE SE MOBILISE LE 19 MARS 2024"},"content":{"rendered":"\n<p>La situation de la Fonction Publique se d\u00e9grade de plus en plus. La CFDT a lanc\u00e9 le signal d\u2019alarme \u00e0 plusieurs reprises, d\u2019autres organisations syndicales l\u2019ont fait aussi mais nous sommes toujours pas entendus. Pour la CFDT, il est urgent d\u2019ouvrir sans d\u00e9lai des n\u00e9gociations pour am\u00e9liorer les carri\u00e8res et prendre des mesures g\u00e9n\u00e9rales pour les salaires.<\/p>\n\n\n\n<p><strong>En absence de toute perspective de mesures g\u00e9n\u00e9rales d\u2019augmentation des r\u00e9mun\u00e9rations en 2024 dans la Fonction publique, la CFDT a d\u00e9pos\u00e9 un pr\u00e9avis de gr\u00e8ve qui couvre les agentes et agents de la Fonction publique pour le 19 mars.<\/strong><\/p>\n\n\n\n<h2 class=\"wp-block-heading\"><strong>La CFDT, en intersyndicale, appelle \u00e0 manifester le 19 mars 2024.<\/strong><\/h2>\n\n\n\n<p class=\"has-black-color has-text-color has-link-color has-medium-font-size wp-elements-0573e49f65211d84b1e5f6269239e32a\"><strong>\u00c0 Marseille RDV \u00e0 10h30 aux R\u00e9form\u00e9s. Soyons nombreux\u00a0!<\/strong><br><strong>Nous avons tous besoin d\u2019une Fonction Publique forte dont les conditions de travail soient adapt\u00e9es aux besoins des agentes et des agents pour qu\u2019ils puissent assurer le meilleur des services pour toutes et tous.<\/strong><\/p>\n\n\n\n<div class=\"wp-block-columns is-layout-flex wp-container-core-columns-is-layout-9d6595d7 wp-block-columns-is-layout-flex\">\n<div class=\"wp-block-column is-layout-flow wp-block-column-is-layout-flow\">\n<figure class=\"wp-block-image size-large\"><img loading=\"lazy\" decoding=\"async\" width=\"724\" height=\"1024\" src=\"https:\/\/cfdt13.fr\/blog\/wp-content\/uploads\/2024\/03\/cfdt_tract_19_mars_2024-1-724x1024.jpg\" alt=\"\" class=\"wp-image-1356\" srcset=\"https:\/\/cfdt13.fr\/blog\/wp-content\/uploads\/2024\/03\/cfdt_tract_19_mars_2024-1-724x1024.jpg 724w, https:\/\/cfdt13.fr\/blog\/wp-content\/uploads\/2024\/03\/cfdt_tract_19_mars_2024-1-212x300.jpg 212w, https:\/\/cfdt13.fr\/blog\/wp-content\/uploads\/2024\/03\/cfdt_tract_19_mars_2024-1-768x1086.jpg 768w, https:\/\/cfdt13.fr\/blog\/wp-content\/uploads\/2024\/03\/cfdt_tract_19_mars_2024-1-1086x1536.jpg 1086w, https:\/\/cfdt13.fr\/blog\/wp-content\/uploads\/2024\/03\/cfdt_tract_19_mars_2024-1-1448x2048.jpg 1448w, https:\/\/cfdt13.fr\/blog\/wp-content\/uploads\/2024\/03\/cfdt_tract_19_mars_2024-1-scaled.jpg 1810w\" sizes=\"auto, (max-width: 724px) 100vw, 724px\" \/><\/figure>\n<\/div>\n\n\n\n<div class=\"wp-block-column is-layout-flow wp-block-column-is-layout-flow\">\n<figure class=\"wp-block-image size-large\"><img loading=\"lazy\" decoding=\"async\" width=\"724\" height=\"1024\" src=\"https:\/\/cfdt13.fr\/blog\/wp-content\/uploads\/2024\/03\/communique_presse_intersyndical_19_mars_2024-724x1024.jpg\" alt=\"\" class=\"wp-image-1357\" srcset=\"https:\/\/cfdt13.fr\/blog\/wp-content\/uploads\/2024\/03\/communique_presse_intersyndical_19_mars_2024-724x1024.jpg 724w, https:\/\/cfdt13.fr\/blog\/wp-content\/uploads\/2024\/03\/communique_presse_intersyndical_19_mars_2024-212x300.jpg 212w, https:\/\/cfdt13.fr\/blog\/wp-content\/uploads\/2024\/03\/communique_presse_intersyndical_19_mars_2024-768x1086.jpg 768w, https:\/\/cfdt13.fr\/blog\/wp-content\/uploads\/2024\/03\/communique_presse_intersyndical_19_mars_2024-1086x1536.jpg 1086w, https:\/\/cfdt13.fr\/blog\/wp-content\/uploads\/2024\/03\/communique_presse_intersyndical_19_mars_2024-1448x2048.jpg 1448w, https:\/\/cfdt13.fr\/blog\/wp-content\/uploads\/2024\/03\/communique_presse_intersyndical_19_mars_2024-scaled.jpg 1810w\" sizes=\"auto, (max-width: 724px) 100vw, 724px\" \/><\/figure>\n<\/div>\n<\/div>\n\n\n\n<figure class=\"wp-block-image size-large\"><img loading=\"lazy\" decoding=\"async\" width=\"724\" height=\"1024\" src=\"https:\/\/cfdt13.fr\/blog\/wp-content\/uploads\/2024\/03\/mobilisation-19-mars-FP-intersyndicale_affiche-724x1024.jpg\" alt=\"\" class=\"wp-image-1353\" srcset=\"https:\/\/cfdt13.fr\/blog\/wp-content\/uploads\/2024\/03\/mobilisation-19-mars-FP-intersyndicale_affiche-724x1024.jpg 724w, https:\/\/cfdt13.fr\/blog\/wp-content\/uploads\/2024\/03\/mobilisation-19-mars-FP-intersyndicale_affiche-212x300.jpg 212w, https:\/\/cfdt13.fr\/blog\/wp-content\/uploads\/2024\/03\/mobilisation-19-mars-FP-intersyndicale_affiche-768x1086.jpg 768w, https:\/\/cfdt13.fr\/blog\/wp-content\/uploads\/2024\/03\/mobilisation-19-mars-FP-intersyndicale_affiche.jpg 1061w\" sizes=\"auto, (max-width: 724px) 100vw, 724px\" \/><\/figure>\n","protected":false},"excerpt":{"rendered":"<p>La situation de la Fonction Publique se d\u00e9grade de plus en plus. La CFDT a lanc\u00e9 le signal d\u2019alarme \u00e0<\/p>\n","protected":false},"author":1,"featured_media":1351,"comment_status":"closed","ping_status":"closed","sticky":false,"template":"","format":"standard","meta":{"_monsterinsights_skip_tracking":false,"_monsterinsights_sitenote_active":false,"_monsterinsights_sitenote_note":"","_monsterinsights_sitenote_category":0,"footnotes":""},"categories":[43,31,6,15,27,7,40,69,18],"tags":[78,79,77,76,72,73,62,75,74],"class_list":["post-1350","post","type-post","status-publish","format-standard","has-post-thumbnail","hentry","category-a-la-une","category-actions-cfdt","category-cfdt","category-conditions-de-travail","category-fonctions-publiques","category-revendications","category-sante-sociaux","category-sep","category-educationnationale","tag-cfdt-finances","tag-cfdt-interco","tag-cfdt-s3c","tag-cfdt-sante-sociaux","tag-fonction-publique","tag-fonctionnaires","tag-greve","tag-sep-cfdt","tag-sgen-cfdt"],"_links":{"self":[{"href":"https:\/\/cfdt13.fr\/blog\/wp-json\/wp\/v2\/posts\/1350","targetHints":{"allow":["GET"]}}],"collection":[{"href":"https:\/\/cfdt13.fr\/blog\/wp-json\/wp\/v2\/posts"}],"about":[{"href":"https:\/\/cfdt13.fr\/blog\/wp-json\/wp\/v2\/types\/post"}],"author":[{"embeddable":true,"href":"https:\/\/cfdt13.fr\/blog\/wp-json\/wp\/v2\/users\/1"}],"replies":[{"embeddable":true,"href":"https:\/\/cfdt13.fr\/blog\/wp-json\/wp\/v2\/comments?post=1350"}],"version-history":[{"count":3,"href":"https:\/\/cfdt13.fr\/blog\/wp-json\/wp\/v2\/posts\/1350\/revisions"}],"predecessor-version":[{"id":1358,"href":"https:\/\/cfdt13.fr\/blog\/wp-json\/wp\/v2\/posts\/1350\/revisions\/1358"}],"wp:featuredmedia":[{"embeddable":true,"href":"https:\/\/cfdt13.fr\/blog\/wp-json\/wp\/v2\/media\/1351"}],"wp:attachment":[{"href":"https:\/\/cfdt13.fr\/blog\/wp-json\/wp\/v2\/media?parent=1350"}],"wp:term":[{"taxonomy":"category","embeddable":true,"href":"https:\/\/cfdt13.fr\/blog\/wp-json\/wp\/v2\/categories?post=1350"},{"taxonomy":"post_tag","embeddable":true,"href":"https:\/\/cfdt13.fr\/blog\/wp-json\/wp\/v2\/tags?post=1350"}],"curies":[{"name":"wp","href":"https:\/\/api.w.org\/{rel}","templated":true}]}}