{"id":1260,"date":"2024-01-31T12:28:22","date_gmt":"2024-01-31T11:28:22","guid":{"rendered":"https:\/\/cfdt13.fr\/blog\/?p=1260"},"modified":"2024-02-06T16:51:33","modified_gmt":"2024-02-06T15:51:33","slug":"personnels-de-leducation-nationale-appel-a-la-greve-le-1-fevrier-2024","status":"publish","type":"post","link":"https:\/\/cfdt13.fr\/blog\/personnels-de-leducation-nationale-appel-a-la-greve-le-1-fevrier-2024\/","title":{"rendered":"Personnels de l&rsquo;Education nationale : appel \u00e0 la gr\u00e8ve le 1 f\u00e9vrier 2024"},"content":{"rendered":"\n<h2 class=\"wp-block-heading\"><strong>Pour construire une \u00e9cole pour toutes et tous, avec toutes et tous, le Sgen-CFDT a appel\u00e9 \u00e0 la gr\u00e8ve le 1er f\u00e9vrier 2024 et ils ont \u00e9t\u00e9 soutenu\u00b7e\u00b7s et accompagn\u00e9\u00b7e\u00b7s pour interco-CFDT Ville de Marseille. <\/strong><\/h2>\n\n\n\n<h3 class=\"wp-block-heading\">A Marseille, le RDV \u00e9tait aux R\u00e9form\u00e9s \u00e0 10h.<br><\/h3>\n\n\n\n<p><\/p>\n\n\n\n<figure class=\"wp-block-image size-full\"><img loading=\"lazy\" decoding=\"async\" width=\"1653\" height=\"2339\" src=\"https:\/\/cfdt13.fr\/blog\/wp-content\/uploads\/2024\/01\/Tract-Greve-1er-fevrier.jpg\" alt=\"\" class=\"wp-image-1261\" srcset=\"https:\/\/cfdt13.fr\/blog\/wp-content\/uploads\/2024\/01\/Tract-Greve-1er-fevrier.jpg 1653w, https:\/\/cfdt13.fr\/blog\/wp-content\/uploads\/2024\/01\/Tract-Greve-1er-fevrier-212x300.jpg 212w, https:\/\/cfdt13.fr\/blog\/wp-content\/uploads\/2024\/01\/Tract-Greve-1er-fevrier-724x1024.jpg 724w, https:\/\/cfdt13.fr\/blog\/wp-content\/uploads\/2024\/01\/Tract-Greve-1er-fevrier-768x1087.jpg 768w, https:\/\/cfdt13.fr\/blog\/wp-content\/uploads\/2024\/01\/Tract-Greve-1er-fevrier-1086x1536.jpg 1086w, https:\/\/cfdt13.fr\/blog\/wp-content\/uploads\/2024\/01\/Tract-Greve-1er-fevrier-1447x2048.jpg 1447w\" sizes=\"auto, (max-width: 1653px) 100vw, 1653px\" \/><\/figure>\n\n\n\n<blockquote class=\"wp-block-quote is-layout-flow wp-block-quote-is-layout-flow\">\n<p>(&#8230;) Vous parlez Madame la ministre de&nbsp;<strong>choc des savoirs<\/strong>&nbsp;mais dans les \u00e9tablissements et en particulier dans les coll\u00e8ges ou dans les lyc\u00e9es professionnels&nbsp;<strong>ce sont les professionnels qui sont sous le choc avec des annonces et des chantiers qui s\u2019ouvrent sans concertation et qui font fi des expertises du terrain, des projets mis en place il y a moins d\u2019un an par vos pr\u00e9d\u00e9cesseurs et surtout des apports de la science en mati\u00e8re de p\u00e9dagogie.<\/strong> (&#8230;) <strong>&nbsp;le projet d\u2019\u00e9cole qui nous est livr\u00e9 va \u00e0 l\u2019encontre des valeurs que porte notre organisation syndicale<\/strong>. (&#8230;)<\/p>\n<cite><strong><a href=\"https:\/\/www.sgen-cfdt.fr\/actu\/pour-un-projet-educatif-alternatif-message-des-personnels-de-direction\/\">Intervention des personnels de direction du Sgen-CFDT pendant la visioconf\u00e9rence de la ministre lundi 29 janvier 2024<\/a><\/strong><\/cite><\/blockquote>\n\n\n<div class=\"wp-block-image\">\n<figure class=\"aligncenter size-large\"><img loading=\"lazy\" decoding=\"async\" width=\"744\" height=\"1024\" src=\"https:\/\/cfdt13.fr\/blog\/wp-content\/uploads\/2024\/01\/GFF2fpVXMAItX7k-744x1024.jpg\" alt=\"\" class=\"wp-image-1265\" srcset=\"https:\/\/cfdt13.fr\/blog\/wp-content\/uploads\/2024\/01\/GFF2fpVXMAItX7k-744x1024.jpg 744w, https:\/\/cfdt13.fr\/blog\/wp-content\/uploads\/2024\/01\/GFF2fpVXMAItX7k-218x300.jpg 218w, https:\/\/cfdt13.fr\/blog\/wp-content\/uploads\/2024\/01\/GFF2fpVXMAItX7k-768x1057.jpg 768w, https:\/\/cfdt13.fr\/blog\/wp-content\/uploads\/2024\/01\/GFF2fpVXMAItX7k.jpg 979w\" sizes=\"auto, (max-width: 744px) 100vw, 744px\" \/><\/figure>\n<\/div>","protected":false},"excerpt":{"rendered":"<p>Pour construire une \u00e9cole pour toutes et tous, avec toutes et tous, le Sgen-CFDT a appel\u00e9 \u00e0 la gr\u00e8ve le<\/p>\n","protected":false},"author":1,"featured_media":1262,"comment_status":"closed","ping_status":"closed","sticky":false,"template":"","format":"standard","meta":{"_monsterinsights_skip_tracking":false,"_monsterinsights_sitenote_active":false,"_monsterinsights_sitenote_note":"","_monsterinsights_sitenote_category":0,"footnotes":""},"categories":[43,15,18],"tags":[61,62],"class_list":["post-1260","post","type-post","status-publish","format-standard","has-post-thumbnail","hentry","category-a-la-une","category-conditions-de-travail","category-educationnationale","tag-education","tag-greve"],"_links":{"self":[{"href":"https:\/\/cfdt13.fr\/blog\/wp-json\/wp\/v2\/posts\/1260","targetHints":{"allow":["GET"]}}],"collection":[{"href":"https:\/\/cfdt13.fr\/blog\/wp-json\/wp\/v2\/posts"}],"about":[{"href":"https:\/\/cfdt13.fr\/blog\/wp-json\/wp\/v2\/types\/post"}],"author":[{"embeddable":true,"href":"https:\/\/cfdt13.fr\/blog\/wp-json\/wp\/v2\/users\/1"}],"replies":[{"embeddable":true,"href":"https:\/\/cfdt13.fr\/blog\/wp-json\/wp\/v2\/comments?post=1260"}],"version-history":[{"count":5,"href":"https:\/\/cfdt13.fr\/blog\/wp-json\/wp\/v2\/posts\/1260\/revisions"}],"predecessor-version":[{"id":1276,"href":"https:\/\/cfdt13.fr\/blog\/wp-json\/wp\/v2\/posts\/1260\/revisions\/1276"}],"wp:featuredmedia":[{"embeddable":true,"href":"https:\/\/cfdt13.fr\/blog\/wp-json\/wp\/v2\/media\/1262"}],"wp:attachment":[{"href":"https:\/\/cfdt13.fr\/blog\/wp-json\/wp\/v2\/media?parent=1260"}],"wp:term":[{"taxonomy":"category","embeddable":true,"href":"https:\/\/cfdt13.fr\/blog\/wp-json\/wp\/v2\/categories?post=1260"},{"taxonomy":"post_tag","embeddable":true,"href":"https:\/\/cfdt13.fr\/blog\/wp-json\/wp\/v2\/tags?post=1260"}],"curies":[{"name":"wp","href":"https:\/\/api.w.org\/{rel}","templated":true}]}}