{"id":1249,"date":"2024-01-15T15:16:28","date_gmt":"2024-01-15T14:16:28","guid":{"rendered":"https:\/\/cfdt13.fr\/blog\/?p=1249"},"modified":"2024-01-31T16:54:13","modified_gmt":"2024-01-31T15:54:13","slug":"21-janvier-2024-mobilisation-intersyndicale-contre-la-loi-asile-immigration","status":"publish","type":"post","link":"https:\/\/cfdt13.fr\/blog\/21-janvier-2024-mobilisation-intersyndicale-contre-la-loi-asile-immigration\/","title":{"rendered":"21 JANVIER 2024 : MOBILISATION INTERSYNDICALE CONTRE LA LOI ASILE IMMIGRATION"},"content":{"rendered":"\n<p>La Cfdt a manifest\u00e9 son d\u00e9saccord avec cette loi \u00e0 maintes reprises. Le 20 d\u00e9cembre 2023, apr\u00e8s l\u2019adoption de la loi par l\u2019Assembl\u00e9e nationale et le S\u00e9nat, notre organisation a publi\u00e9 un communiqu\u00e9 de presse pour s\u2019opposer au sabordage des valeurs de la R\u00e9publique\u00a0:<\/p>\n\n\n\n<p>\u00ab\u00a0<strong>Le texte adopt\u00e9 hier soir par l\u2019Assembl\u00e9e nationale et le S\u00e9nat restera dans l\u2019histoire comme une tache sur notre d\u00e9mocratie<\/strong>. L\u2019extr\u00eame droite a souffl\u00e9 les mots et les id\u00e9es de la loi sur l\u2019immigration vot\u00e9e par les parlementaires. Une loi qui porte atteinte aux droits fondamentaux de citoyens \u00e9trangers vivant de fa\u00e7on r\u00e9guli\u00e8re sur le sol fran\u00e7ais, qui attaque le droit du sol, r\u00e9tablit le d\u00e9lit de s\u00e9jour irr\u00e9gulier, durcit l\u2019acc\u00e8s aux titres de s\u00e9jour\u2026 Qu\u2019en est-il de la promesse d\u2019un texte \u00e9quilibr\u00e9 reprise ironiquement dans le titre de la loi : \u00ab Contr\u00f4ler l\u2019immigration, am\u00e9liorer l\u2019int\u00e9gration \u00bb ? (\u2026). Lire le communiqu\u00e9 en entier <a href=\"https:\/\/www.cfdt.fr\/portail\/presse\/communiques-de-presse\/loi-immigration-s-opposer-au-sabordage-des-valeurs-de-la-republique-srv1_1326706\">sur\u00a0le site de la Cfdt<\/a> <\/p>\n\n\n\n<p>La Cfdt avec d\u2019autres organisations syndicales et organisations de la soci\u00e9t\u00e9 civil continue \u00e0 \u00eatre mobilis\u00e9e contre la loi asile immigration.<\/p>\n\n\n\n<h2 class=\"wp-block-heading\"><strong>Nous vous invitons \u00e0 vous joindre \u00e0 nous le <\/strong><strong>21 Janvier \u00e0 14 h<\/strong><strong> \u00e0 la Porte d\u2019Aix pour marcher vers la Pr\u00e9fecture en passant par Belsunce et la rue de Rome.<\/strong><\/h2>\n\n\n\n<p><strong>Ensemble nous sommes plus fort\u00b7e\u00b7s !<\/strong><\/p>\n\n\n\n<p><strong>Marchons pour la libert\u00e9, l\u2019\u00e9galit\u00e9, la fraternit\u00e9\u00a0<\/strong><\/p>\n\n\n\n<figure class=\"wp-block-image size-full\"><img loading=\"lazy\" decoding=\"async\" width=\"1237\" height=\"1750\" src=\"https:\/\/cfdt13.fr\/blog\/wp-content\/uploads\/2024\/01\/MOBILISATION-CONTRE-LOI-IMMIGRATION-21_01_24-2.jpg\" alt=\"\" class=\"wp-image-1251\" srcset=\"https:\/\/cfdt13.fr\/blog\/wp-content\/uploads\/2024\/01\/MOBILISATION-CONTRE-LOI-IMMIGRATION-21_01_24-2.jpg 1237w, https:\/\/cfdt13.fr\/blog\/wp-content\/uploads\/2024\/01\/MOBILISATION-CONTRE-LOI-IMMIGRATION-21_01_24-2-212x300.jpg 212w, https:\/\/cfdt13.fr\/blog\/wp-content\/uploads\/2024\/01\/MOBILISATION-CONTRE-LOI-IMMIGRATION-21_01_24-2-724x1024.jpg 724w, https:\/\/cfdt13.fr\/blog\/wp-content\/uploads\/2024\/01\/MOBILISATION-CONTRE-LOI-IMMIGRATION-21_01_24-2-768x1086.jpg 768w, https:\/\/cfdt13.fr\/blog\/wp-content\/uploads\/2024\/01\/MOBILISATION-CONTRE-LOI-IMMIGRATION-21_01_24-2-1086x1536.jpg 1086w\" sizes=\"auto, (max-width: 1237px) 100vw, 1237px\" \/><\/figure>\n","protected":false},"excerpt":{"rendered":"<p>La Cfdt a manifest\u00e9 son d\u00e9saccord avec cette loi \u00e0 maintes reprises. Le 20 d\u00e9cembre 2023, apr\u00e8s l\u2019adoption de la<\/p>\n","protected":false},"author":1,"featured_media":1250,"comment_status":"closed","ping_status":"closed","sticky":false,"template":"","format":"standard","meta":{"_monsterinsights_skip_tracking":false,"_monsterinsights_sitenote_active":false,"_monsterinsights_sitenote_note":"","_monsterinsights_sitenote_category":0,"footnotes":""},"categories":[43,31,53],"tags":[57,46],"class_list":["post-1249","post","type-post","status-publish","format-standard","has-post-thumbnail","hentry","category-a-la-une","category-actions-cfdt","category-le-trait-dunion","tag-discrimination","tag-solidarite"],"_links":{"self":[{"href":"https:\/\/cfdt13.fr\/blog\/wp-json\/wp\/v2\/posts\/1249","targetHints":{"allow":["GET"]}}],"collection":[{"href":"https:\/\/cfdt13.fr\/blog\/wp-json\/wp\/v2\/posts"}],"about":[{"href":"https:\/\/cfdt13.fr\/blog\/wp-json\/wp\/v2\/types\/post"}],"author":[{"embeddable":true,"href":"https:\/\/cfdt13.fr\/blog\/wp-json\/wp\/v2\/users\/1"}],"replies":[{"embeddable":true,"href":"https:\/\/cfdt13.fr\/blog\/wp-json\/wp\/v2\/comments?post=1249"}],"version-history":[{"count":1,"href":"https:\/\/cfdt13.fr\/blog\/wp-json\/wp\/v2\/posts\/1249\/revisions"}],"predecessor-version":[{"id":1252,"href":"https:\/\/cfdt13.fr\/blog\/wp-json\/wp\/v2\/posts\/1249\/revisions\/1252"}],"wp:featuredmedia":[{"embeddable":true,"href":"https:\/\/cfdt13.fr\/blog\/wp-json\/wp\/v2\/media\/1250"}],"wp:attachment":[{"href":"https:\/\/cfdt13.fr\/blog\/wp-json\/wp\/v2\/media?parent=1249"}],"wp:term":[{"taxonomy":"category","embeddable":true,"href":"https:\/\/cfdt13.fr\/blog\/wp-json\/wp\/v2\/categories?post=1249"},{"taxonomy":"post_tag","embeddable":true,"href":"https:\/\/cfdt13.fr\/blog\/wp-json\/wp\/v2\/tags?post=1249"}],"curies":[{"name":"wp","href":"https:\/\/api.w.org\/{rel}","templated":true}]}}