{"id":1149,"date":"2023-10-25T09:03:04","date_gmt":"2023-10-25T07:03:04","guid":{"rendered":"https:\/\/cfdt13.fr\/blog\/?p=1149"},"modified":"2023-12-01T09:40:33","modified_gmt":"2023-12-01T08:40:33","slug":"cfdt_conference_sociale","status":"publish","type":"post","link":"https:\/\/cfdt13.fr\/blog\/cfdt_conference_sociale\/","title":{"rendered":"Conf\u00e9rence Sociale :  la CFDT \u00e9tait au rendez-vous le 16 octobre"},"content":{"rendered":"\n<p>Le 16 octobre s\u2019est r\u00e9uni la Conf\u00e9rence Sociale. La Cfdt a particip\u00e9 avec des priorit\u00e9s qui sont celles des travailleuses et travailleurs&nbsp;.<\/p>\n\n\n\n<h2 class=\"wp-block-heading\">Les revendications de la CFDT<\/h2>\n\n\n\n<div class=\"wp-block-columns is-layout-flex wp-container-core-columns-is-layout-9d6595d7 wp-block-columns-is-layout-flex\">\n<div class=\"wp-block-column is-layout-flow wp-block-column-is-layout-flow\">\n<ul class=\"wp-block-list\">\n<li class=\"has-medium-font-size\">R\u00e9ussir l\u2019\u00e9galit\u00e9 salariale entre les femmes et les hommes<br><\/li>\n\n\n\n<li class=\"has-medium-font-size\">Am\u00e9liorer la r\u00e9mun\u00e9ration des salari\u00e9\u00b7es en contrats courts et lutter contre l\u2019utilisation abusive de ces contrats<br><\/li>\n\n\n\n<li class=\"has-medium-font-size\">Am\u00e9liorer la r\u00e9mun\u00e9ration des salari\u00e9.es \u00e0 temps partiel<br><\/li>\n\n\n\n<li class=\"has-medium-font-size\">Pistes de r\u00e9flexion de la CFDT sur la prime d\u2019activit\u00e9<br><\/li>\n\n\n\n<li class=\"has-medium-font-size\">Conditionner les exon\u00e9rations de cotisations sociales et les aides publiques pour dynamiser les n\u00e9gociations<br><\/li>\n\n\n\n<li class=\"has-medium-font-size\">Ouvrir un chantier sur les r\u00e9mun\u00e9rations et les carri\u00e8res dans les trois fonctions publiques<br><\/li>\n\n\n\n<li class=\"has-medium-font-size\">Respecter les engagements pris dans le cadre de l\u2019ANI partage de la valeur<br><\/li>\n\n\n\n<li class=\"has-medium-font-size\">Cr\u00e9er une commission des bas salaires, en remplacement du groupe d\u2019experts sur le Smic<\/li>\n<\/ul>\n<\/div>\n\n\n\n<div class=\"wp-block-column is-layout-flow wp-block-column-is-layout-flow\">\n<figure class=\"wp-block-gallery has-nested-images columns-default is-cropped wp-block-gallery-1 is-layout-flex wp-block-gallery-is-layout-flex\">\n<figure class=\"wp-block-image size-large\"><img loading=\"lazy\" decoding=\"async\" width=\"940\" height=\"788\" data-id=\"1151\" src=\"https:\/\/cfdt13.fr\/blog\/wp-content\/uploads\/2023\/10\/conf-sociale-ameublement.png\" alt=\"\" class=\"wp-image-1151\" srcset=\"https:\/\/cfdt13.fr\/blog\/wp-content\/uploads\/2023\/10\/conf-sociale-ameublement.png 940w, https:\/\/cfdt13.fr\/blog\/wp-content\/uploads\/2023\/10\/conf-sociale-ameublement-300x251.png 300w, https:\/\/cfdt13.fr\/blog\/wp-content\/uploads\/2023\/10\/conf-sociale-ameublement-768x644.png 768w\" sizes=\"auto, (max-width: 940px) 100vw, 940px\" \/><\/figure>\n\n\n\n<figure class=\"wp-block-image size-large\"><img loading=\"lazy\" decoding=\"async\" width=\"940\" height=\"788\" data-id=\"1152\" src=\"https:\/\/cfdt13.fr\/blog\/wp-content\/uploads\/2023\/10\/conf-sociale-assainissement.png\" alt=\"\" class=\"wp-image-1152\" srcset=\"https:\/\/cfdt13.fr\/blog\/wp-content\/uploads\/2023\/10\/conf-sociale-assainissement.png 940w, https:\/\/cfdt13.fr\/blog\/wp-content\/uploads\/2023\/10\/conf-sociale-assainissement-300x251.png 300w, https:\/\/cfdt13.fr\/blog\/wp-content\/uploads\/2023\/10\/conf-sociale-assainissement-768x644.png 768w\" sizes=\"auto, (max-width: 940px) 100vw, 940px\" \/><\/figure>\n\n\n\n<figure class=\"wp-block-image size-large\"><img loading=\"lazy\" decoding=\"async\" width=\"940\" height=\"788\" data-id=\"1154\" src=\"https:\/\/cfdt13.fr\/blog\/wp-content\/uploads\/2023\/10\/conf-sociale-blanchisserie.png\" alt=\"\" class=\"wp-image-1154\" srcset=\"https:\/\/cfdt13.fr\/blog\/wp-content\/uploads\/2023\/10\/conf-sociale-blanchisserie.png 940w, https:\/\/cfdt13.fr\/blog\/wp-content\/uploads\/2023\/10\/conf-sociale-blanchisserie-300x251.png 300w, https:\/\/cfdt13.fr\/blog\/wp-content\/uploads\/2023\/10\/conf-sociale-blanchisserie-768x644.png 768w\" sizes=\"auto, (max-width: 940px) 100vw, 940px\" \/><\/figure>\n\n\n\n<figure class=\"wp-block-image size-large\"><img loading=\"lazy\" decoding=\"async\" width=\"940\" height=\"788\" data-id=\"1153\" src=\"https:\/\/cfdt13.fr\/blog\/wp-content\/uploads\/2023\/10\/conf-sociale-labo.png\" alt=\"\" class=\"wp-image-1153\" srcset=\"https:\/\/cfdt13.fr\/blog\/wp-content\/uploads\/2023\/10\/conf-sociale-labo.png 940w, https:\/\/cfdt13.fr\/blog\/wp-content\/uploads\/2023\/10\/conf-sociale-labo-300x251.png 300w, https:\/\/cfdt13.fr\/blog\/wp-content\/uploads\/2023\/10\/conf-sociale-labo-768x644.png 768w\" sizes=\"auto, (max-width: 940px) 100vw, 940px\" \/><\/figure>\n<\/figure>\n<\/div>\n<\/div>\n\n\n\n<ul class=\"wp-block-list\">\n<li><\/li>\n<\/ul>\n\n\n\n<p><strong>Ici vous pouvez lire les revendications de la CFDT<\/strong><\/p>\n\n\n\n<div data-wp-interactive=\"core\/file\" class=\"wp-block-file\"><object data-wp-bind--hidden=\"!state.hasPdfPreview\" hidden class=\"wp-block-file__embed\" data=\"https:\/\/cfdt13.fr\/blog\/wp-content\/uploads\/2023\/10\/20231016_conference_sociale__revendication_cfdt.pdf\" type=\"application\/pdf\" style=\"width:100%;height:600px\" aria-label=\"Contenu embarqu\u00e9 20231016_conference_sociale__revendication_cfdt.\"><\/object><a id=\"wp-block-file--media-f68fd7aa-6731-4f26-b5fd-a96b73803894\" href=\"https:\/\/cfdt13.fr\/blog\/wp-content\/uploads\/2023\/10\/20231016_conference_sociale__revendication_cfdt.pdf\">20231016_conference_sociale__revendication_cfdt<\/a><a href=\"https:\/\/cfdt13.fr\/blog\/wp-content\/uploads\/2023\/10\/20231016_conference_sociale__revendication_cfdt.pdf\" class=\"wp-block-file__button wp-element-button\" download aria-describedby=\"wp-block-file--media-f68fd7aa-6731-4f26-b5fd-a96b73803894\">T\u00e9l\u00e9charger<\/a><\/div>\n\n\n\n<p><\/p>\n\n\n\n<p><\/p>\n\n\n\n<h2 class=\"wp-block-heading\">Apr\u00e8s la Conf\u00e9rence sociale<\/h2>\n\n\n\n<p>Un r\u00e9sultat un peu d\u00e9cevant. Voici l\u2019intervention de Marylise L\u00e9on, Secr\u00e9taire G\u00e9n\u00e9rale de la CFDT, \u00e0 l\u2019issue de la Conf\u00e9rence Sociale&nbsp;:<\/p>\n\n\n\n<figure class=\"wp-block-embed is-type-video is-provider-youtube wp-block-embed-youtube wp-embed-aspect-4-3 wp-has-aspect-ratio\"><div class=\"wp-block-embed__wrapper\">\n<iframe loading=\"lazy\" title=\"Conf\u00e9rence sociale : pas assez de concret\" width=\"800\" height=\"600\" src=\"https:\/\/www.youtube.com\/embed\/3FyzDQ12P7E?start=76&#038;feature=oembed\" frameborder=\"0\" allow=\"accelerometer; autoplay; clipboard-write; encrypted-media; gyroscope; picture-in-picture; web-share\" allowfullscreen><\/iframe>\n<\/div><\/figure>\n\n\n\n<p>Pour aller plus loin, nous vous invitons \u00e0<a href=\"https:\/\/www.syndicalismehebdo.fr\/article\/une-conference-salariale-au-gout-dinacheve\"> lire l\u2019article de <strong>Syndicalisme Hebdo<\/strong><\/a> <em>\u00ab&nbsp;Une conf\u00e9rence salariale au go\u00fbt d\u2019inachev\u00e9&nbsp;\u00bb <\/em><\/p>\n","protected":false},"excerpt":{"rendered":"<p>Le 16 octobre s\u2019est r\u00e9uni la Conf\u00e9rence Sociale. La Cfdt a particip\u00e9 avec des priorit\u00e9s qui sont celles des travailleuses<\/p>\n","protected":false},"author":1,"featured_media":1156,"comment_status":"closed","ping_status":"closed","sticky":false,"template":"","format":"standard","meta":{"_monsterinsights_skip_tracking":false,"_monsterinsights_sitenote_active":false,"_monsterinsights_sitenote_note":"","_monsterinsights_sitenote_category":0,"footnotes":""},"categories":[6,15,7],"tags":[48,51,49,52,50],"class_list":["post-1149","post","type-post","status-publish","format-standard","has-post-thumbnail","hentry","category-cfdt","category-conditions-de-travail","category-revendications","tag-cfdt","tag-conditions-de-travail","tag-conference-sociale","tag-egalite-salariale","tag-pouvoir-dachat"],"_links":{"self":[{"href":"https:\/\/cfdt13.fr\/blog\/wp-json\/wp\/v2\/posts\/1149","targetHints":{"allow":["GET"]}}],"collection":[{"href":"https:\/\/cfdt13.fr\/blog\/wp-json\/wp\/v2\/posts"}],"about":[{"href":"https:\/\/cfdt13.fr\/blog\/wp-json\/wp\/v2\/types\/post"}],"author":[{"embeddable":true,"href":"https:\/\/cfdt13.fr\/blog\/wp-json\/wp\/v2\/users\/1"}],"replies":[{"embeddable":true,"href":"https:\/\/cfdt13.fr\/blog\/wp-json\/wp\/v2\/comments?post=1149"}],"version-history":[{"count":4,"href":"https:\/\/cfdt13.fr\/blog\/wp-json\/wp\/v2\/posts\/1149\/revisions"}],"predecessor-version":[{"id":1173,"href":"https:\/\/cfdt13.fr\/blog\/wp-json\/wp\/v2\/posts\/1149\/revisions\/1173"}],"wp:featuredmedia":[{"embeddable":true,"href":"https:\/\/cfdt13.fr\/blog\/wp-json\/wp\/v2\/media\/1156"}],"wp:attachment":[{"href":"https:\/\/cfdt13.fr\/blog\/wp-json\/wp\/v2\/media?parent=1149"}],"wp:term":[{"taxonomy":"category","embeddable":true,"href":"https:\/\/cfdt13.fr\/blog\/wp-json\/wp\/v2\/categories?post=1149"},{"taxonomy":"post_tag","embeddable":true,"href":"https:\/\/cfdt13.fr\/blog\/wp-json\/wp\/v2\/tags?post=1149"}],"curies":[{"name":"wp","href":"https:\/\/api.w.org\/{rel}","templated":true}]}}