{"id":1054,"date":"2023-10-02T11:42:18","date_gmt":"2023-10-02T09:42:18","guid":{"rendered":"https:\/\/cfdt13.fr\/blog\/?p=1054"},"modified":"2023-12-01T09:40:53","modified_gmt":"2023-12-01T08:40:53","slug":"greve-chez-13habitat","status":"publish","type":"post","link":"https:\/\/cfdt13.fr\/blog\/greve-chez-13habitat\/","title":{"rendered":"Gr\u00e8ve chez 13Habitat"},"content":{"rendered":"\n<p>Aujourd&rsquo;hui notre Caravane Orange \u00e9tait \u00e0 Port Saint Louis du Rh\u00f4ne pour pr\u00eater main forte au syndicat Cfdt Interco 13  qui menait une action de gr\u00e8ve avec Sud Logement Social devant 13Habitat. <\/p>\n\n\n\n<figure class=\"wp-block-image size-large\"><img loading=\"lazy\" decoding=\"async\" width=\"614\" height=\"1024\" src=\"https:\/\/cfdt13.fr\/blog\/wp-content\/uploads\/2023\/10\/interco13-13habitat_greve-614x1024.png\" alt=\"\" class=\"wp-image-1055\" style=\"aspect-ratio:9\/16;object-fit:cover\" srcset=\"https:\/\/cfdt13.fr\/blog\/wp-content\/uploads\/2023\/10\/interco13-13habitat_greve-614x1024.png 614w, https:\/\/cfdt13.fr\/blog\/wp-content\/uploads\/2023\/10\/interco13-13habitat_greve-180x300.png 180w, https:\/\/cfdt13.fr\/blog\/wp-content\/uploads\/2023\/10\/interco13-13habitat_greve-768x1280.png 768w, https:\/\/cfdt13.fr\/blog\/wp-content\/uploads\/2023\/10\/interco13-13habitat_greve-922x1536.png 922w, https:\/\/cfdt13.fr\/blog\/wp-content\/uploads\/2023\/10\/interco13-13habitat_greve.png 1200w\" sizes=\"auto, (max-width: 614px) 100vw, 614px\" \/><\/figure>\n","protected":false},"excerpt":{"rendered":"<p>Aujourd&rsquo;hui notre Caravane Orange \u00e9tait \u00e0 Port Saint Louis du Rh\u00f4ne pour pr\u00eater main forte au syndicat Cfdt Interco 13<\/p>\n","protected":false},"author":1,"featured_media":1056,"comment_status":"closed","ping_status":"closed","sticky":false,"template":"","format":"standard","meta":{"_monsterinsights_skip_tracking":false,"_monsterinsights_sitenote_active":false,"_monsterinsights_sitenote_note":"","_monsterinsights_sitenote_category":0,"footnotes":""},"categories":[31,15],"tags":[],"class_list":["post-1054","post","type-post","status-publish","format-standard","has-post-thumbnail","hentry","category-actions-cfdt","category-conditions-de-travail"],"_links":{"self":[{"href":"https:\/\/cfdt13.fr\/blog\/wp-json\/wp\/v2\/posts\/1054","targetHints":{"allow":["GET"]}}],"collection":[{"href":"https:\/\/cfdt13.fr\/blog\/wp-json\/wp\/v2\/posts"}],"about":[{"href":"https:\/\/cfdt13.fr\/blog\/wp-json\/wp\/v2\/types\/post"}],"author":[{"embeddable":true,"href":"https:\/\/cfdt13.fr\/blog\/wp-json\/wp\/v2\/users\/1"}],"replies":[{"embeddable":true,"href":"https:\/\/cfdt13.fr\/blog\/wp-json\/wp\/v2\/comments?post=1054"}],"version-history":[{"count":1,"href":"https:\/\/cfdt13.fr\/blog\/wp-json\/wp\/v2\/posts\/1054\/revisions"}],"predecessor-version":[{"id":1057,"href":"https:\/\/cfdt13.fr\/blog\/wp-json\/wp\/v2\/posts\/1054\/revisions\/1057"}],"wp:featuredmedia":[{"embeddable":true,"href":"https:\/\/cfdt13.fr\/blog\/wp-json\/wp\/v2\/media\/1056"}],"wp:attachment":[{"href":"https:\/\/cfdt13.fr\/blog\/wp-json\/wp\/v2\/media?parent=1054"}],"wp:term":[{"taxonomy":"category","embeddable":true,"href":"https:\/\/cfdt13.fr\/blog\/wp-json\/wp\/v2\/categories?post=1054"},{"taxonomy":"post_tag","embeddable":true,"href":"https:\/\/cfdt13.fr\/blog\/wp-json\/wp\/v2\/tags?post=1054"}],"curies":[{"name":"wp","href":"https:\/\/api.w.org\/{rel}","templated":true}]}}